{"id":17276,"date":"2021-01-24T18:02:20","date_gmt":"2021-01-24T21:02:20","guid":{"rendered":"https:\/\/blogs.correiobraziliense.com.br\/vicente\/?p=17276"},"modified":"2021-01-24T18:45:39","modified_gmt":"2021-01-24T21:45:39","slug":"mourao-ja-foi-picado-pela-mosca-azul-dizem-aliados-de-bolsonaro","status":"publish","type":"post","link":"https:\/\/blogs.correiobraziliense.com.br\/vicente\/mourao-ja-foi-picado-pela-mosca-azul-dizem-aliados-de-bolsonaro\/","title":{"rendered":"Mour\u00e3o j\u00e1 foi picado pela mosca azul, dizem aliados de Bolsonaro"},"content":{"rendered":"<h2>A ala mais radical do governo promete marca\u00e7\u00e3o cerrada sobre o vice-presidente da Rep\u00fablica, Hamilton Mour\u00e3o. Com o movimento pelo impeachment ganhando corpo \u2014 as manifesta\u00e7\u00f5es nas ruas s\u00f3 crescem \u2014, esse grupo acredita que Mour\u00e3o j\u00e1 est\u00e1 se preparando para vestir a faixa presidencial de Jair Bolsonaro.<\/h2>\n<p>&nbsp;<\/p>\n<p>&#8220;Qualquer um que prestar aten\u00e7\u00e3o no comportamento de Mour\u00e3o nos \u00faltimos dias ver\u00e1 que ele vem se posicionando como contraponto ao presidente&#8221;, diz um aliado de Bolsonaro. &#8220;A sensa\u00e7\u00e3o que temos \u00e9 a de que ele v\u00ea chances reais de se sentar na cadeira mais importante do Pal\u00e1cio do Planalto&#8221;, acrescenta.<\/p>\n<p>&nbsp;<\/p>\n<p>A vis\u00e3o de que Mour\u00e3o j\u00e1 teria sido picado pela mosca azul parte, sobretudo, dos filhos de Bolsonaro. Eles n\u00e3o gostam de Mour\u00e3o e sempre alimentam o clima de conspira\u00e7\u00e3o, de que o vice joga contra o presidente.<\/p>\n<p>&nbsp;<\/p>\n<p>Quem conhece Mour\u00e3o a fundo, no entanto, afirma que n\u00e3o h\u00e1 a menor possibilidade de ele trair Bolsonaro. &#8220;Muito pelo contr\u00e1rio. Mesmo sendo maltratado pela ala ideol\u00f3gica do governo, mesmo sendo perseguido pelos filhos do presidente, o vice mant\u00e9m a lealdade a Bolsonaro&#8221;, frisa um amigo.<\/p>\n<p>&nbsp;<\/p>\n<p>Esse mesmo amigo ressalta, por\u00e9m, que tamb\u00e9m Bolsonaro tem agido de forma, no m\u00ednimo, desrespeitosa em rela\u00e7\u00e3o a Mour\u00e3o. Os dois pouco se falam. O vice quase nunca \u00e9 chamado para participar de decis\u00f5es importantes do governo.<\/p>\n<p>&nbsp;<\/p>\n<p>&#8220;Com certeza, h\u00e1 um temor de uma ala do Planalto de que Mour\u00e3o traia Bolsonaro como Michel Temer traiu Dilma Rousseff. A teoria da conspira\u00e7\u00e3o corre solta entre os filhos do presidente e entre integrantes do grupo ideol\u00f3gico&#8221;, diz uma fonte com assento no Planalto.<\/p>\n<p>&nbsp;<\/p>\n<p>Para essa fonte, Mour\u00e3o deve se preparar para o aumento do tiroteio contra ele \u00e0 medida que o debate sobre o impeachment de Bolsonaro esquentar. &#8220;Ningu\u00e9m se espantar\u00e1 se esse grupo ideol\u00f3gico disser que o vice est\u00e1 por tr\u00e1s das articula\u00e7\u00f5es para afastar o presidente do poder&#8221;, ressalta.<\/p>\n<p>&nbsp;<\/p>\n<p><em>Bras\u00edlia, 18h02min<\/em><\/p>\n","protected":false},"excerpt":{"rendered":"<p>A ala mais radical do governo promete marca\u00e7\u00e3o cerrada sobre o vice-presidente da Rep\u00fablica, Hamilton Mour\u00e3o. Com o movimento pelo impeachment ganhando corpo \u2014 as manifesta\u00e7\u00f5es nas ruas s\u00f3 crescem \u2014, esse grupo acredita que Mour\u00e3o j\u00e1 est\u00e1 se preparando para vestir a faixa presidencial de Jair Bolsonaro. &nbsp; &#8220;Qualquer um que prestar aten\u00e7\u00e3o no [&hellip;]<\/p>\n","protected":false},"author":22,"featured_media":16805,"comment_status":"open","ping_status":"closed","sticky":false,"template":"","format":"standard","meta":{"footnotes":""},"categories":[600],"tags":[926,5169,5168,2526,2787],"class_list":["post-17276","post","type-post","status-publish","format-standard","has-post-thumbnail","hentry","category-economia","tag-brasilia","tag-dizem-aliados-de-bolsonaro","tag-mourao-ja-foi-picado-pela-mosca-azul","tag-poder","tag-politica"],"_links":{"self":[{"href":"https:\/\/blogs.correiobraziliense.com.br\/vicente\/wp-json\/wp\/v2\/posts\/17276","targetHints":{"allow":["GET"]}}],"collection":[{"href":"https:\/\/blogs.correiobraziliense.com.br\/vicente\/wp-json\/wp\/v2\/posts"}],"about":[{"href":"https:\/\/blogs.correiobraziliense.com.br\/vicente\/wp-json\/wp\/v2\/types\/post"}],"author":[{"embeddable":true,"href":"https:\/\/blogs.correiobraziliense.com.br\/vicente\/wp-json\/wp\/v2\/users\/22"}],"replies":[{"embeddable":true,"href":"https:\/\/blogs.correiobraziliense.com.br\/vicente\/wp-json\/wp\/v2\/comments?post=17276"}],"version-history":[{"count":1,"href":"https:\/\/blogs.correiobraziliense.com.br\/vicente\/wp-json\/wp\/v2\/posts\/17276\/revisions"}],"predecessor-version":[{"id":17277,"href":"https:\/\/blogs.correiobraziliense.com.br\/vicente\/wp-json\/wp\/v2\/posts\/17276\/revisions\/17277"}],"wp:featuredmedia":[{"embeddable":true,"href":"https:\/\/blogs.correiobraziliense.com.br\/vicente\/wp-json\/wp\/v2\/media\/16805"}],"wp:attachment":[{"href":"https:\/\/blogs.correiobraziliense.com.br\/vicente\/wp-json\/wp\/v2\/media?parent=17276"}],"wp:term":[{"taxonomy":"category","embeddable":true,"href":"https:\/\/blogs.correiobraziliense.com.br\/vicente\/wp-json\/wp\/v2\/categories?post=17276"},{"taxonomy":"post_tag","embeddable":true,"href":"https:\/\/blogs.correiobraziliense.com.br\/vicente\/wp-json\/wp\/v2\/tags?post=17276"}],"curies":[{"name":"wp","href":"https:\/\/api.w.org\/{rel}","templated":true}]}}