{"id":17268,"date":"2021-01-22T15:35:30","date_gmt":"2021-01-22T18:35:30","guid":{"rendered":"https:\/\/blogs.correiobraziliense.com.br\/vicente\/?p=17268"},"modified":"2021-01-22T15:35:30","modified_gmt":"2021-01-22T18:35:30","slug":"senadora-simone-tebet-tenta-tranquilizar-o-mercado","status":"publish","type":"post","link":"https:\/\/blogs.correiobraziliense.com.br\/vicente\/senadora-simone-tebet-tenta-tranquilizar-o-mercado\/","title":{"rendered":"Senadora Simone Tebet tenta tranquilizar o mercado"},"content":{"rendered":"<p>ROSANA HESSEL<\/p>\n<p>&nbsp;<\/p>\n<p>Um dia ap\u00f3s o rebuli\u00e7o no mercado provocado pelo candidato do presidente Jair Bolsoanro \u00e0 Presid\u00eancia do Senado, o senador Rodrigo Pacheco (DEM-MG),\u00a0 a senadora Simone Tebet (MDB-MS), vai se reunir, na noite desta sexta-feira (21\/01), com economistas das principais institui\u00e7\u00f5es financeiras do pa\u00eds com o objetivo de tentar tranquilizar o mercado e coletar propostas para a campanha da emedebista para o comando da Casa.<\/p>\n<p>&nbsp;<\/p>\n<p>O encontro virtual \u00e9 organizado pela economista e advogada Elena Landau, ex-diretora do Banco Nacional de Desenvolvimento Econ\u00f4mico e Social (BNDES) e respons\u00e1vel pelo programa de privatiza\u00e7\u00e3o do ex-presidente Fernando Henrique Cardoso (FHC).\u00a0 A reuni\u00e3o ser\u00e1 fechada \u00e0 imprensa e est\u00e3o confirmados economistas renomados como Arm\u00ednio Fraga, P\u00e9rsio Arida, Edmar Bacha, Ana Carla Abra\u00e3o, Ana Paula Vescovi e Mansueto Almeida, M\u00e1rio Mesquita, entre outros.<\/p>\n<p>&nbsp;<\/p>\n<p>A <a href=\"https:\/\/blogs.correiobraziliense.com.br\/vicente\/fala-de-candidato-de-bolsonaro-ao-senado-mexe-com-os-mercados\/\">fala de Pacheco de ontem<\/a>, sinalizando que pretende derrubar o teto de gastos &#8212; emenda constitucional que limita o aumento das despesas \u00e0 infla\u00e7\u00e3o do ano anterior &#8212;\u00a0 a fim de &#8220;sacrificar algumas premissas econ\u00f4micas\u201d para socorrer os mais vulner\u00e1veis em meio \u00e0 pandemia mexeu com os mercados e fez a Bolsa de Valores de S\u00e3o Paulo (B3) desabar mais de 1% e o d\u00f3lar subir. Hoje, em meio \u00e0s incertezas em torno do assunto e da crise pol\u00edtica e das vacinas no pa\u00eds, por volta das 15h18, o \u00cdndice Bovespa, principal indicador da B3, rodava em torno de 116 mil pontos, com queda de 1,49%.<\/p>\n<p>&nbsp;<\/p>\n<p>&#8220;A inten\u00e7\u00e3o de Simone Tebet \u00e9 tranquilizar o mercado, assegurando respeito ao teto de gastos, ainda que a prorroga\u00e7\u00e3o do aux\u00edlio emergencial para a popula\u00e7\u00e3o menos protegida se fa\u00e7a necess\u00e1ria e urgente durante a vacina\u00e7\u00e3o&#8221;, destacou comunicado da assessoria da parlamentar.<\/p>\n<p>&nbsp;<\/p>\n<p>A senadora tem uma candidatura dependente do governo e pretende apresentar aos economistas seu projeto, incluindo a retomada dos debates de pelo menos 11 projetos apresentados no Senado ao longo de 2020, focados no gerenciamento da crise do novo coronav\u00edrus e na redu\u00e7\u00e3o de seus impactos econ\u00f4micos.<\/p>\n<p>&nbsp;<\/p>\n<p>Presidente da Comiss\u00e3o de Constitui\u00e7\u00e3o e Justi\u00e7a (CCJ) do Senado, a parlamentar est\u00e1 coletando sugest\u00f5es para incluir na sua plataforma de campanha, que ser\u00e1 apresentada \u00e0 sociedade na pr\u00f3xima segunda-feira (25).<\/p>\n","protected":false},"excerpt":{"rendered":"<p>ROSANA HESSEL &nbsp; Um dia ap\u00f3s o rebuli\u00e7o no mercado provocado pelo candidato do presidente Jair Bolsoanro \u00e0 Presid\u00eancia do Senado, o senador Rodrigo Pacheco (DEM-MG),\u00a0 a senadora Simone Tebet (MDB-MS), vai se reunir, na noite desta sexta-feira (21\/01), com economistas das principais institui\u00e7\u00f5es financeiras do pa\u00eds com o objetivo de tentar tranquilizar o mercado [&hellip;]<\/p>\n","protected":false},"author":22,"featured_media":11328,"comment_status":"open","ping_status":"closed","sticky":false,"template":"","format":"standard","meta":{"footnotes":""},"categories":[600],"tags":[1257,3012,586,4002,307],"class_list":["post-17268","post","type-post","status-publish","format-standard","has-post-thumbnail","hentry","category-economia","tag-campanha","tag-mdb","tag-senado","tag-simone-tebet","tag-teto-de-gastos"],"_links":{"self":[{"href":"https:\/\/blogs.correiobraziliense.com.br\/vicente\/wp-json\/wp\/v2\/posts\/17268","targetHints":{"allow":["GET"]}}],"collection":[{"href":"https:\/\/blogs.correiobraziliense.com.br\/vicente\/wp-json\/wp\/v2\/posts"}],"about":[{"href":"https:\/\/blogs.correiobraziliense.com.br\/vicente\/wp-json\/wp\/v2\/types\/post"}],"author":[{"embeddable":true,"href":"https:\/\/blogs.correiobraziliense.com.br\/vicente\/wp-json\/wp\/v2\/users\/22"}],"replies":[{"embeddable":true,"href":"https:\/\/blogs.correiobraziliense.com.br\/vicente\/wp-json\/wp\/v2\/comments?post=17268"}],"version-history":[{"count":4,"href":"https:\/\/blogs.correiobraziliense.com.br\/vicente\/wp-json\/wp\/v2\/posts\/17268\/revisions"}],"predecessor-version":[{"id":17272,"href":"https:\/\/blogs.correiobraziliense.com.br\/vicente\/wp-json\/wp\/v2\/posts\/17268\/revisions\/17272"}],"wp:featuredmedia":[{"embeddable":true,"href":"https:\/\/blogs.correiobraziliense.com.br\/vicente\/wp-json\/wp\/v2\/media\/11328"}],"wp:attachment":[{"href":"https:\/\/blogs.correiobraziliense.com.br\/vicente\/wp-json\/wp\/v2\/media?parent=17268"}],"wp:term":[{"taxonomy":"category","embeddable":true,"href":"https:\/\/blogs.correiobraziliense.com.br\/vicente\/wp-json\/wp\/v2\/categories?post=17268"},{"taxonomy":"post_tag","embeddable":true,"href":"https:\/\/blogs.correiobraziliense.com.br\/vicente\/wp-json\/wp\/v2\/tags?post=17268"}],"curies":[{"name":"wp","href":"https:\/\/api.w.org\/{rel}","templated":true}]}}