{"id":17264,"date":"2021-01-21T18:11:08","date_gmt":"2021-01-21T21:11:08","guid":{"rendered":"https:\/\/blogs.correiobraziliense.com.br\/vicente\/?p=17264"},"modified":"2021-01-21T18:32:43","modified_gmt":"2021-01-21T21:32:43","slug":"governo-federal-avalia-que-colapso-na-saude-ja-comecou-em-quatro-estados","status":"publish","type":"post","link":"https:\/\/blogs.correiobraziliense.com.br\/vicente\/governo-federal-avalia-que-colapso-na-saude-ja-comecou-em-quatro-estados\/","title":{"rendered":"Governo federal avalia que colapso na sa\u00fade j\u00e1 come\u00e7ou em quatro estados"},"content":{"rendered":"<h2>RENATO SOUZA<\/h2>\n<h2><\/h2>\n<h2>Setores que est\u00e3o na ger\u00eancia da crise de covid-19 no pa\u00eds avaliam que o colapso no sistema de sa\u00fade est\u00e1 come\u00e7ando a ocorrer em pelo menos quatro estados, e existe o temor de que se espalhe ainda mais. A avalia\u00e7\u00e3o de t\u00e9cnicos que assessoram o Executivo \u00e9 de que os insumos e leitos de UTI j\u00e1 ficam escassos no Par\u00e1, em Roraima, em Rond\u00f4nia e no Rio de Janeiro, de acordo com fontes ouvidas pelo <strong>Blog<\/strong>.<\/h2>\n<p>&nbsp;<\/p>\n<p>Nesses estados, profissionais de sa\u00fade relatam ao Minist\u00e9rio da Sa\u00fade que a crise est\u00e1 se agravando, as novas interna\u00e7\u00f5es e infec\u00e7\u00f5es aumentam rapidamente, for\u00e7ando hospitais e unidades b\u00e1sicas de sa\u00fade. As mortes pela covid v\u00e3o aumentar muito.<\/p>\n<p>&nbsp;<\/p>\n<p>A ordem \u00e9 atuar de imediato na crise em Manaus, em raz\u00e3o da repercuss\u00e3o do caso na imprensa e a n\u00edvel internacional. No entanto, tanto o setor t\u00e9cnico quanto o pol\u00edtico j\u00e1 sabem que a crise ser\u00e1 ainda maior. J\u00e1 h\u00e1 que fale em 2 mil mortes por dia pelo novo coronav\u00edrus.<\/p>\n<p>&nbsp;<\/p>\n<p>Diante desse quadro, a corrida pela vacina passou a ser vista dentro do governo como a \u00fanica maneira de salvar politicamente o presidente Jair Bolsonaro. A avalia\u00e7\u00e3o no Planalto \u00e9 a de que, \u00e0 medida que os casos de mortes e o colapso dos hospitais forem aumentando, a aprova\u00e7\u00e3o do chefe do Executivo vai se deteriorar muito rapidamente.<\/p>\n<p>&nbsp;<\/p>\n<p>Al\u00e9m disso, est\u00e1 cada vez mais dif\u00edcil impedir consequ\u00eancias jur\u00eddicas contra o ministro da Sa\u00fade, Eduardo Pazuello, e contra Bolsonaro por responsabilidades pela derrocada do combate \u00e0 pandemia \u2014 mesmo com um procurador-geral da Rep\u00fablica favor\u00e1vel ao governo na chefia do Minist\u00e9rio P\u00fablico.<\/p>\n<p>&nbsp;<\/p>\n<p>Mas os entraves burocr\u00e1ticos e diplom\u00e1ticos tem impedido a compra em larga escala dos imunizantes. As 2 milh\u00f5es de doses que vir\u00e3o da \u00cdndia representam uma conquista importante para a diplomacia brasileira neste momento de tanta not\u00edcia ruim. Mas, do ponto de vista pr\u00e1tico, de prote\u00e7\u00e3o \u00e0 sa\u00fade, n\u00e3o \u00e9 nada.<\/p>\n<p>&nbsp;<\/p>\n<p>Agora, a ordem \u00e9 correr para abrir as portas com a China para liberar os insumos necess\u00e1rios para a fabrica\u00e7\u00e3o de vacina no pa\u00eds pela Fiocruz e pelo Instituto Butantan. Isso inclui a convoca\u00e7\u00e3o do ex-presidente Michel Temer para ajudar nas negocia\u00e7\u00f5es com o pa\u00eds asi\u00e1tico.<\/p>\n<p>&nbsp;<\/p>\n<p><em>Bras\u00edlia, 18h11min<\/em><\/p>\n","protected":false},"excerpt":{"rendered":"<p>RENATO SOUZA Setores que est\u00e3o na ger\u00eancia da crise de covid-19 no pa\u00eds avaliam que o colapso no sistema de sa\u00fade est\u00e1 come\u00e7ando a ocorrer em pelo menos quatro estados, e existe o temor de que se espalhe ainda mais. A avalia\u00e7\u00e3o de t\u00e9cnicos que assessoram o Executivo \u00e9 de que os insumos e leitos [&hellip;]<\/p>\n","protected":false},"author":22,"featured_media":13413,"comment_status":"open","ping_status":"closed","sticky":false,"template":"","format":"standard","meta":{"footnotes":""},"categories":[600],"tags":[378,589,5165,2526,2787],"class_list":["post-17264","post","type-post","status-publish","format-standard","has-post-thumbnail","hentry","category-economia","tag-brasil","tag-economia","tag-governo-federal-avalia-que-colapso-na-saude-ja-comecou-em-quatro-estados","tag-poder","tag-politica"],"_links":{"self":[{"href":"https:\/\/blogs.correiobraziliense.com.br\/vicente\/wp-json\/wp\/v2\/posts\/17264","targetHints":{"allow":["GET"]}}],"collection":[{"href":"https:\/\/blogs.correiobraziliense.com.br\/vicente\/wp-json\/wp\/v2\/posts"}],"about":[{"href":"https:\/\/blogs.correiobraziliense.com.br\/vicente\/wp-json\/wp\/v2\/types\/post"}],"author":[{"embeddable":true,"href":"https:\/\/blogs.correiobraziliense.com.br\/vicente\/wp-json\/wp\/v2\/users\/22"}],"replies":[{"embeddable":true,"href":"https:\/\/blogs.correiobraziliense.com.br\/vicente\/wp-json\/wp\/v2\/comments?post=17264"}],"version-history":[{"count":1,"href":"https:\/\/blogs.correiobraziliense.com.br\/vicente\/wp-json\/wp\/v2\/posts\/17264\/revisions"}],"predecessor-version":[{"id":17265,"href":"https:\/\/blogs.correiobraziliense.com.br\/vicente\/wp-json\/wp\/v2\/posts\/17264\/revisions\/17265"}],"wp:featuredmedia":[{"embeddable":true,"href":"https:\/\/blogs.correiobraziliense.com.br\/vicente\/wp-json\/wp\/v2\/media\/13413"}],"wp:attachment":[{"href":"https:\/\/blogs.correiobraziliense.com.br\/vicente\/wp-json\/wp\/v2\/media?parent=17264"}],"wp:term":[{"taxonomy":"category","embeddable":true,"href":"https:\/\/blogs.correiobraziliense.com.br\/vicente\/wp-json\/wp\/v2\/categories?post=17264"},{"taxonomy":"post_tag","embeddable":true,"href":"https:\/\/blogs.correiobraziliense.com.br\/vicente\/wp-json\/wp\/v2\/tags?post=17264"}],"curies":[{"name":"wp","href":"https:\/\/api.w.org\/{rel}","templated":true}]}}