{"id":17258,"date":"2021-01-21T16:36:30","date_gmt":"2021-01-21T19:36:30","guid":{"rendered":"https:\/\/blogs.correiobraziliense.com.br\/vicente\/?p=17258"},"modified":"2021-01-21T16:37:37","modified_gmt":"2021-01-21T19:37:37","slug":"fala-de-candidato-de-bolsonaro-ao-senado-mexe-com-os-mercados","status":"publish","type":"post","link":"https:\/\/blogs.correiobraziliense.com.br\/vicente\/fala-de-candidato-de-bolsonaro-ao-senado-mexe-com-os-mercados\/","title":{"rendered":"Fala de candidato de Bolsonaro ao Senado mexe com os mercados"},"content":{"rendered":"<p>ROSANA HESSEL<\/p>\n<p>&nbsp;<\/p>\n<p>O candidato \u00e0 presid\u00eancia do Senado apoiado pelo Pal\u00e1cio do Planalto, o senador Rodrigo Pacheco (DEM-MG), mexeu com os mercados nesta quinta-feira (21\/01) ap\u00f3s afirmar que o teto de gastos &#8211;emenda constitucional que limita o aumento das despesas \u00e0 infla\u00e7\u00e3o do ano anterior &#8212; &#8220;n\u00e3o \u00e9 intocado&#8221;.<\/p>\n<p>&nbsp;<\/p>\n<p>&#8220;O teto n\u00e3o pode ser intocado em um momento de extrema necessidade em que \u00e9 preciso salvar vidas. Obviamente, essa rigidez pode eventualmente ser relativizada, mas vamos trabalhar muito para que n\u00e3o seja relativizada&#8221;, disse Pacheco,\u00a0em entrevista ao <em>Estad\u00e3o<\/em> e \u00e0<em> Ag\u00eancia Estado<\/em>. Ele defendeu uma solu\u00e7\u00e3o para &#8220;remediar o problema dessas pessoas mais vulner\u00e1veis, seja com aux\u00edlio emergencial renovado, seja com incremento do Bolsa Fam\u00edlia&#8221;.\u00a0Procurado, o Minist\u00e9rio da Economia n\u00e3o comentou o assunto. Em outra entrevista, \u00e0 <em>Bloomberg\u00a0<\/em>Pacheco admitiu que o governo poder\u00e1 &#8220;sacrificar algumas premissas econ\u00f4micas&#8221; para socorrer os mais vulner\u00e1veis em meio \u00e0 pandemia.<\/p>\n<p>&nbsp;<\/p>\n<p>O economista-chefe do Banco Fator, Jos\u00e9 Francisco de Lima Gon\u00e7alves, destacou que a fala de Pacheco admitindo que governo poder\u00e1 \u201csacrificar algumas premissas econ\u00f4micas\u201d para manter alguma forma de socorro \u00e0s v\u00edtimas do distanciamento social com a perman\u00eancia da epidemia aumentou a desconfian\u00e7a do mercado no governo. &#8220;A\u00a0imin\u00eancia de a disputa no Congresso ser resolvida e a piora da situa\u00e7\u00e3o de Bolsonaro assustam o mercado e criam situa\u00e7\u00e3o de incerteza que se adiciona \u00e0 global&#8221;, destacou.<\/p>\n<p>&nbsp;<\/p>\n<p>Um dia ap\u00f3s o Comit\u00ea de Pol\u00edtica Monet\u00e1ria (Copom), reconhecer piora no cen\u00e1rio das estimativas de infla\u00e7\u00e3o e refor\u00e7ar a preocupa\u00e7\u00e3o com os riscos fiscais, retirando o instrumento que sinalizava a manuten\u00e7\u00e3o dos juros por um per\u00edodo mais prolongado, a desconfian\u00e7a com os mercados s\u00f3 aumentou com as declara\u00e7\u00f5es de Pacheco e a Bolsa de Valores de S\u00e3o Paulo (B3) oscila bastante durante\u00a0 o dia de hoje. Chegou atingir a m\u00ednima de 117.785 pontos, tombo de 1,5% sobre o valor de abertura.<\/p>\n<p>&nbsp;<\/p>\n<p>Pouco depois das 16h, registrava queda de 0,73%, a 118.767 pontos.\u00a0 Enquanto isso, o d\u00f3lar que, caiu no mundo com a posse de Joe Biden, ontem, avan\u00e7ava 1,49% sobre o real, sendo vendido a R$ 5,39.<\/p>\n<p>&nbsp;<\/p>\n<p>Vale lembrar que Pacheco tem o apoio de uma alian\u00e7a de nove partidos, incluindo os de oposi\u00e7\u00e3o ao Planalto, como o PT. A vota\u00e7\u00e3o \u00e9 secreta, mas essas bancadas garantiriam, pelo menos, 41 votos, maioria que garante vit\u00f3ria para a candidatura \u00e0 presid\u00eancia da Casa.\u00a0A principal advers\u00e1ria de Pacheco, a senadora Simone Tebet (MDB-MS), fechou uma alian\u00e7a de quatro legendas totalizando 28 senadores.<\/p>\n<p>&nbsp;<\/p>\n","protected":false},"excerpt":{"rendered":"<p>ROSANA HESSEL &nbsp; O candidato \u00e0 presid\u00eancia do Senado apoiado pelo Pal\u00e1cio do Planalto, o senador Rodrigo Pacheco (DEM-MG), mexeu com os mercados nesta quinta-feira (21\/01) ap\u00f3s afirmar que o teto de gastos &#8211;emenda constitucional que limita o aumento das despesas \u00e0 infla\u00e7\u00e3o do ano anterior &#8212; &#8220;n\u00e3o \u00e9 intocado&#8221;. &nbsp; &#8220;O teto n\u00e3o pode [&hellip;]<\/p>\n","protected":false},"author":22,"featured_media":17262,"comment_status":"open","ping_status":"closed","sticky":false,"template":"","format":"standard","meta":{"footnotes":""},"categories":[600],"tags":[1100,5164,586],"class_list":["post-17258","post","type-post","status-publish","format-standard","has-post-thumbnail","hentry","category-economia","tag-candidatura-ao-senado","tag-rodrigo-pacheco","tag-senado"],"_links":{"self":[{"href":"https:\/\/blogs.correiobraziliense.com.br\/vicente\/wp-json\/wp\/v2\/posts\/17258","targetHints":{"allow":["GET"]}}],"collection":[{"href":"https:\/\/blogs.correiobraziliense.com.br\/vicente\/wp-json\/wp\/v2\/posts"}],"about":[{"href":"https:\/\/blogs.correiobraziliense.com.br\/vicente\/wp-json\/wp\/v2\/types\/post"}],"author":[{"embeddable":true,"href":"https:\/\/blogs.correiobraziliense.com.br\/vicente\/wp-json\/wp\/v2\/users\/22"}],"replies":[{"embeddable":true,"href":"https:\/\/blogs.correiobraziliense.com.br\/vicente\/wp-json\/wp\/v2\/comments?post=17258"}],"version-history":[{"count":4,"href":"https:\/\/blogs.correiobraziliense.com.br\/vicente\/wp-json\/wp\/v2\/posts\/17258\/revisions"}],"predecessor-version":[{"id":17263,"href":"https:\/\/blogs.correiobraziliense.com.br\/vicente\/wp-json\/wp\/v2\/posts\/17258\/revisions\/17263"}],"wp:featuredmedia":[{"embeddable":true,"href":"https:\/\/blogs.correiobraziliense.com.br\/vicente\/wp-json\/wp\/v2\/media\/17262"}],"wp:attachment":[{"href":"https:\/\/blogs.correiobraziliense.com.br\/vicente\/wp-json\/wp\/v2\/media?parent=17258"}],"wp:term":[{"taxonomy":"category","embeddable":true,"href":"https:\/\/blogs.correiobraziliense.com.br\/vicente\/wp-json\/wp\/v2\/categories?post=17258"},{"taxonomy":"post_tag","embeddable":true,"href":"https:\/\/blogs.correiobraziliense.com.br\/vicente\/wp-json\/wp\/v2\/tags?post=17258"}],"curies":[{"name":"wp","href":"https:\/\/api.w.org\/{rel}","templated":true}]}}