{"id":17248,"date":"2021-01-21T13:24:54","date_gmt":"2021-01-21T16:24:54","guid":{"rendered":"https:\/\/blogs.correiobraziliense.com.br\/vicente\/?p=17248"},"modified":"2021-01-21T14:04:37","modified_gmt":"2021-01-21T17:04:37","slug":"video-de-senador-criticando-biden-provoca-espanto-ate-no-governo","status":"publish","type":"post","link":"https:\/\/blogs.correiobraziliense.com.br\/vicente\/video-de-senador-criticando-biden-provoca-espanto-ate-no-governo\/","title":{"rendered":"V\u00eddeo de senador criticando Biden provoca espanto at\u00e9 no governo"},"content":{"rendered":"<h2>ROSANA HESSEL<\/h2>\n<h2><\/h2>\n<h2>Mesmo ap\u00f3s o presidente Jair Bolsonaro enviar uma carta, ontem, cumprimentando o novo presidente dos Estados Unidos, Joe Biden, pela posse e tentando aparar as arestas nas rela\u00e7\u00f5es diplom\u00e1ticas entre os dois pa\u00edses, um senador aliado do chefe do Executivo provocou de t\u00e9cnicos do governo.<\/h2>\n<p>&nbsp;<\/p>\n<p>O senador Marcio Bittar (MDB-AC) partiu para o ataque gratuito a Biden, ao presidente da Fran\u00e7a, Emmanuel Macron, e \u00e0 chanceler alem\u00e3, Angela Merkel, e est\u00e1 compartilhando, nesta quinta-feira (21\/01),\u00a0<a href=\"https:\/\/www.facebook.com\/555803774486872\/posts\/3723453697721848\/\">um v\u00eddeo postado<\/a> na noite de ontem nas redes sociais do parlamentar. Segundo fontes da Esplanada, esse tipo de posicionamento n\u00e3o ajuda em uma hora dessas em que o governo atravessa uma crise diplom\u00e1tica. &#8220;O v\u00eddeo provoca espanto em pessoas razo\u00e1veis, dentro de fora do governo&#8221;, disse um t\u00e9cnico do governo.<\/p>\n<p>&nbsp;<\/p>\n<p>Segundo Bittar, h\u00e1 muita &#8220;hipocrisia&#8221; desses governantes, porque, durante a &#8220;crise humanit\u00e1ria&#8221; de Manaus, quando faltou oxig\u00eanio nos hospitais, levando v\u00e1rias a morte, &#8220;nem Biden, nem Macron, nem Merkel, escreveram nota de apoio&#8221; e sequer mandaram oxig\u00eanio para aquela regi\u00e3o, esquecendo de dizer que o ent\u00e3o presidente dos EUA, Donald Trump, &#8220;amigo&#8221; da fam\u00edlia de Bolsonaro tamb\u00e9m n\u00e3o mexeu um palha. A ajuda acabou vindo da Venezuela, ironicamente.<\/p>\n<p>&nbsp;<\/p>\n<p>&#8220;Mais uma vez fica comprovado que o interesse dos estrangeiros sobre as Amaz\u00f4nia n\u00e3o \u00e9 com as pessoas, n\u00e3o \u00e9 com os seres humanos, \u00e9 sim, com a a economia&#8221;, afirmou Bittar, que, antes de ser senador, era pecuarista na regi\u00e3o. Segundo o parlamentar, esses l\u00edderes s\u00f3 se preocupam com &#8220;a madeira&#8221;, sem contextualizar a quest\u00e3o do desmatamento na Amaz\u00f4nia, que bate recordes no governo de Bolsonaro, que fragilizou \u00f3rg\u00e3os fiscalizadores.\u00a0Procurado pelo <strong>Blog<\/strong>, Bittar n\u00e3o comentou a repercuss\u00e3o ruim da postagem.<\/p>\n<p>&nbsp;<\/p>\n<p>O senador \u00e9 o relator do Or\u00e7amento de 2021, que ainda n\u00e3o foi aprovado pelo Congresso no ano passado, em meio \u00e0 pandemia. Ele ainda tem a relatoria da Proposta de Emenda \u00e0 Constitui\u00e7\u00e3o (PEC) Emergencial, que trata da regulamenta\u00e7\u00e3o dos gatilhos de conten\u00e7\u00e3o de despesa no caso de estouro do teto de gastos. A mat\u00e9ria estava sendo modificada, incluindo as PECs do Pacto Federativo e dos Fundos, que foram desmembradas pelo Executivo, no fim de 2019, para acelerar a tramita\u00e7\u00e3o, mas nunca foram votadas. Bittar pretendia incluir na proposta um novo programa de assist\u00eancia social que substituiria o Bolsa Fam\u00edlia, mas, devido \u00e0s pol\u00eamicas sobre as fontes de financiamento, a proposta n\u00e3o vingou em 2020.<\/p>\n<p>&nbsp;<\/p>\n<p><b>Troca de farpas<\/b><\/p>\n<p>&nbsp;<\/p>\n<p>A carta de Bolsonaro para Biden, sinalizando que o pa\u00eds est\u00e1 <a href=\"https:\/\/www.correiobraziliense.com.br\/politica\/2021\/01\/4901590-bolsonaro-em-carta-a-biden-pronto-para-a-protecao-do-meio-ambiente.html\">pronto para proteger o meio ambiente<\/a>\u00a0, \u00e9 uma clara tentativa de virar a p\u00e1gina nas rela\u00e7\u00f5es bilaterais, ap\u00f3s\u00a0a troca de farpas entre os dois governantes durante a campanha presidencial e a apura\u00e7\u00e3o dos votos na maior economia global e segundo maior parceiro comercial brasileiro.<\/p>\n<p>&nbsp;<\/p>\n<p>No ano passado, como resposta \u00e0s declara\u00e7\u00f5es de Biden em um debate sobre a possibilidade de aplicar san\u00e7\u00f5es ao pa\u00eds se n\u00e3o houver redu\u00e7\u00e3o nos n\u00fameros de desmatamento da Amaz\u00f4nia, Bolsonaro afirmou que, quando a saliva acaba, tem a &#8220;p\u00f3lvora&#8221;, gerando uma <a href=\"https:\/\/www.correiobraziliense.com.br\/politica\/2020\/11\/4888053-apos-bolsonaro-falar-em-polvora-memes-de-guerra-contra-os-eua-explodem-nas-redes.html\">s\u00e9rie de memes nas redes sociais<\/a>, inclusive, uma postagem <a href=\"https:\/\/www.correiobraziliense.com.br\/politica\/2020\/11\/4888100-apos-fala-de-bolsonaro-embaixador-dos-eua-posta-video-sobre-poder-militar.html?fbclid=IwAR0lTTcCuVxeLrBPubOe8uf5JnalHGF1_8uWhJ3O_mY8nQWPkmzBpLkw6a0\">do embaixador dos EUA no Brasil sobre o poderio norte-americano<\/a>.<\/p>\n<p>&nbsp;<\/p>\n<p>A crise diplom\u00e1tica provocada pelas postagens virulentas de Bolsonaro, de seus filhos e de seus ministros, como o chefe do Itamaraty, Eduardo Ara\u00fajo, especialmente, contra desafetos ideol\u00f3gicos, como a China, vem ganhando propor\u00e7\u00f5es. Essas a\u00e7\u00f5es deliberadas podem prejudicar milh\u00f5es de brasileiros, pois resultou no atraso das importa\u00e7\u00f5es de insumos para a fabrica\u00e7\u00e3o de vacinas contra a covid-19 no pa\u00eds.\u00a0Agora, o governo, governadores e parlamentares tentam uma solu\u00e7\u00e3o diplom\u00e1tica para a quest\u00e3o, excluindo o ministro Ara\u00fajo das conversas com os chineses.<\/p>\n<p>&nbsp;<\/p>\n<p><strong>Olavista na berlinda<\/strong><\/p>\n<p>&nbsp;<\/p>\n<p>Dentro do Minist\u00e9rio das Rela\u00e7\u00f5es Exteriores, os boatos sobre uma poss\u00edvel demiss\u00e3o do chefe da chancelaria aumentam, j\u00e1 que Ernesto Ara\u00fajo \u00e9 olavista e trumpista, qualidades nada favor\u00e1veis para uma nova conjuntura geopol\u00edtica que est\u00e1 se formando com Joe Biden retomando agendas abandonadas por Trump, como a ambiental e a do multilateralismo, valorizando entidades como a Organiza\u00e7\u00e3o Mundial do Com\u00e9rcio (OMC) e a Organiza\u00e7\u00e3o Mundial da Sa\u00fade (OMS), e retornado para o Acordo de Paris, com metas de redu\u00e7\u00e3o de emiss\u00f5es de gases que provocam o efeito estufa.<\/p>\n<p>&nbsp;<\/p>\n<p>Para especialistas e fontes dentro da chancelaria, no entanto, a sa\u00edda de Ara\u00fajo &#8212; <a href=\"https:\/\/www.correiobraziliense.com.br\/politica\/2020\/10\/4884035-se-falar-em-liberdade-nos-faz-paria-internacional-que-sejamos-esse-paria-diz-ernesto-araujo.html\">que n\u00e3o v\u00ea problema algum no pa\u00eds ser um p\u00e1ria global<\/a> &#8212; n\u00e3o dever\u00e1 ser imediata, pois seria uma clara admiss\u00e3o de Bolsonaro de que a sua agenda ideol\u00f3gica e protecionista fracassou. A expectativa \u00e9 que o presidente de mais uns meses de sobrevida ao fiel escudeiro e s\u00f3 anuncie a sua demiss\u00e3o, provavelmente, em abril, quando a poeira em torno da posse de Biden baixar.<\/p>\n<p>&nbsp;<\/p>\n<p>&nbsp;<\/p>\n<p>&nbsp;<\/p>\n<p>&nbsp;<\/p>\n<p>&nbsp;<\/p>\n","protected":false},"excerpt":{"rendered":"<p>ROSANA HESSEL Mesmo ap\u00f3s o presidente Jair Bolsonaro enviar uma carta, ontem, cumprimentando o novo presidente dos Estados Unidos, Joe Biden, pela posse e tentando aparar as arestas nas rela\u00e7\u00f5es diplom\u00e1ticas entre os dois pa\u00edses, um senador aliado do chefe do Executivo provocou de t\u00e9cnicos do governo. &nbsp; O senador Marcio Bittar (MDB-AC) partiu para [&hellip;]<\/p>\n","protected":false},"author":22,"featured_media":17251,"comment_status":"open","ping_status":"closed","sticky":false,"template":"","format":"standard","meta":{"footnotes":""},"categories":[600],"tags":[363,329,2922,4861,4935,3012,176],"class_list":["post-17248","post","type-post","status-publish","format-standard","has-post-thumbnail","hentry","category-economia","tag-estados-unidos","tag-itamaraty","tag-jair-bolsonaro","tag-joe-biden","tag-marcio-bittar","tag-mdb","tag-palacio-do-planalto"],"_links":{"self":[{"href":"https:\/\/blogs.correiobraziliense.com.br\/vicente\/wp-json\/wp\/v2\/posts\/17248","targetHints":{"allow":["GET"]}}],"collection":[{"href":"https:\/\/blogs.correiobraziliense.com.br\/vicente\/wp-json\/wp\/v2\/posts"}],"about":[{"href":"https:\/\/blogs.correiobraziliense.com.br\/vicente\/wp-json\/wp\/v2\/types\/post"}],"author":[{"embeddable":true,"href":"https:\/\/blogs.correiobraziliense.com.br\/vicente\/wp-json\/wp\/v2\/users\/22"}],"replies":[{"embeddable":true,"href":"https:\/\/blogs.correiobraziliense.com.br\/vicente\/wp-json\/wp\/v2\/comments?post=17248"}],"version-history":[{"count":7,"href":"https:\/\/blogs.correiobraziliense.com.br\/vicente\/wp-json\/wp\/v2\/posts\/17248\/revisions"}],"predecessor-version":[{"id":17256,"href":"https:\/\/blogs.correiobraziliense.com.br\/vicente\/wp-json\/wp\/v2\/posts\/17248\/revisions\/17256"}],"wp:featuredmedia":[{"embeddable":true,"href":"https:\/\/blogs.correiobraziliense.com.br\/vicente\/wp-json\/wp\/v2\/media\/17251"}],"wp:attachment":[{"href":"https:\/\/blogs.correiobraziliense.com.br\/vicente\/wp-json\/wp\/v2\/media?parent=17248"}],"wp:term":[{"taxonomy":"category","embeddable":true,"href":"https:\/\/blogs.correiobraziliense.com.br\/vicente\/wp-json\/wp\/v2\/categories?post=17248"},{"taxonomy":"post_tag","embeddable":true,"href":"https:\/\/blogs.correiobraziliense.com.br\/vicente\/wp-json\/wp\/v2\/tags?post=17248"}],"curies":[{"name":"wp","href":"https:\/\/api.w.org\/{rel}","templated":true}]}}