{"id":17228,"date":"2021-01-19T15:51:24","date_gmt":"2021-01-19T18:51:24","guid":{"rendered":"https:\/\/blogs.correiobraziliense.com.br\/vicente\/?p=17228"},"modified":"2021-01-19T17:47:32","modified_gmt":"2021-01-19T20:47:32","slug":"e-bolsonaro-piou-em-relacao-ao-presidente-do-banco-do-brasil","status":"publish","type":"post","link":"https:\/\/blogs.correiobraziliense.com.br\/vicente\/e-bolsonaro-piou-em-relacao-ao-presidente-do-banco-do-brasil\/","title":{"rendered":"E Bolsonaro piou em rela\u00e7\u00e3o ao presidente do Banco do Brasil"},"content":{"rendered":"<h2>O presidente Jair Bolsonaro provou, mais uma vez, que o que ele fala n\u00e3o se escreve. Fez o maior barulho em torno de sua decis\u00e3o de demitir o presidente do Banco do Brasil, Andr\u00e9 Brand\u00e3o, mas acabou piando fino. O executivo continuar\u00e1 no cargo.<\/h2>\n<p>&nbsp;<\/p>\n<p>Mais: o programa de demiss\u00e3o volunt\u00e1ria de at\u00e9 5 mil empregados do Banco do Brasil e a promessa de fechamento de 361 pontos de atendimento, sendo 112 ag\u00eancias, continuam em andamento, sem qualquer sinal de recuo.<\/p>\n<p>&nbsp;<\/p>\n<p>Em seus rompantes, Bolsonaro disse que era inaceit\u00e1vel fechar 5 mil postos de trabalho no Banco do Brasil num momento em que o pa\u00eds enfrenta desemprego recorde. Puro proselitismo. O presidente n\u00e3o est\u00e1 nem a\u00ed para quem perdeu o emprego.<\/p>\n<p>&nbsp;<\/p>\n<p>O que realmente mexeu com Bolsonaro foi a possibilidade de o projeto de reestrutura\u00e7\u00e3o do Banco do Brasil atrapalhar seus planos de eleger o deputado Arthur Lira presidente da C\u00e2mara dos Deputados. O presidente quer porque quer controlar o Legislativo.<\/p>\n<p>&nbsp;<\/p>\n<p>Mas, com as chances reais de Lira sair vencedor da disputa com Baleia Rossi, protegido do atual presidente da C\u00e2mara, Rodrigo Maia, o presidente da Rep\u00fablica j\u00e1 virou a p\u00e1gina em rela\u00e7\u00e3o ao Banco do Brasil. N\u00e3o est\u00e1 nem mais interessado em saber o que se passa na institui\u00e7\u00e3o.<\/p>\n<p>&nbsp;<\/p>\n<p>Se o Brasil fosse, realmente, um pa\u00eds s\u00e9rio, a Comiss\u00e3o de Valores Mobili\u00e1rios (CVM), que regula e fiscaliza o mercado de capitais, teria cobrado explica\u00e7\u00f5es de Bolsonaro. Afinal, seu pseudo ataque s\u00f3 fez a festa dos especuladores da Bolsa de Valores. No dia, as a\u00e7\u00f5es do BB ca\u00edram quase 5%. E a CVM manteve um sil\u00eancio sepulcral.<\/p>\n<p>&nbsp;<\/p>\n<p><em>Bras\u00edlia, 15h51min<\/em><\/p>\n","protected":false},"excerpt":{"rendered":"<p>O presidente Jair Bolsonaro provou, mais uma vez, que o que ele fala n\u00e3o se escreve. Fez o maior barulho em torno de sua decis\u00e3o de demitir o presidente do Banco do Brasil, Andr\u00e9 Brand\u00e3o, mas acabou piando fino. O executivo continuar\u00e1 no cargo. &nbsp; Mais: o programa de demiss\u00e3o volunt\u00e1ria de at\u00e9 5 mil [&hellip;]<\/p>\n","protected":false},"author":22,"featured_media":11457,"comment_status":"open","ping_status":"closed","sticky":false,"template":"","format":"standard","meta":{"footnotes":""},"categories":[600],"tags":[926,5158,589,4943,2787],"class_list":["post-17228","post","type-post","status-publish","format-standard","has-post-thumbnail","hentry","category-economia","tag-brasilia","tag-e-bolsonaro-piou-em-relacao-ao-presidente-do-banco-do-brasil","tag-economia","tag-financas","tag-politica"],"_links":{"self":[{"href":"https:\/\/blogs.correiobraziliense.com.br\/vicente\/wp-json\/wp\/v2\/posts\/17228","targetHints":{"allow":["GET"]}}],"collection":[{"href":"https:\/\/blogs.correiobraziliense.com.br\/vicente\/wp-json\/wp\/v2\/posts"}],"about":[{"href":"https:\/\/blogs.correiobraziliense.com.br\/vicente\/wp-json\/wp\/v2\/types\/post"}],"author":[{"embeddable":true,"href":"https:\/\/blogs.correiobraziliense.com.br\/vicente\/wp-json\/wp\/v2\/users\/22"}],"replies":[{"embeddable":true,"href":"https:\/\/blogs.correiobraziliense.com.br\/vicente\/wp-json\/wp\/v2\/comments?post=17228"}],"version-history":[{"count":1,"href":"https:\/\/blogs.correiobraziliense.com.br\/vicente\/wp-json\/wp\/v2\/posts\/17228\/revisions"}],"predecessor-version":[{"id":17229,"href":"https:\/\/blogs.correiobraziliense.com.br\/vicente\/wp-json\/wp\/v2\/posts\/17228\/revisions\/17229"}],"wp:featuredmedia":[{"embeddable":true,"href":"https:\/\/blogs.correiobraziliense.com.br\/vicente\/wp-json\/wp\/v2\/media\/11457"}],"wp:attachment":[{"href":"https:\/\/blogs.correiobraziliense.com.br\/vicente\/wp-json\/wp\/v2\/media?parent=17228"}],"wp:term":[{"taxonomy":"category","embeddable":true,"href":"https:\/\/blogs.correiobraziliense.com.br\/vicente\/wp-json\/wp\/v2\/categories?post=17228"},{"taxonomy":"post_tag","embeddable":true,"href":"https:\/\/blogs.correiobraziliense.com.br\/vicente\/wp-json\/wp\/v2\/tags?post=17228"}],"curies":[{"name":"wp","href":"https:\/\/api.w.org\/{rel}","templated":true}]}}