{"id":17225,"date":"2021-01-19T12:25:33","date_gmt":"2021-01-19T15:25:33","guid":{"rendered":"https:\/\/blogs.correiobraziliense.com.br\/vicente\/?p=17225"},"modified":"2021-01-19T12:25:33","modified_gmt":"2021-01-19T15:25:33","slug":"zona-do-euro-tem-inicio-fraco-em-2021-sinalizando-retracao-no-1o-tri","status":"publish","type":"post","link":"https:\/\/blogs.correiobraziliense.com.br\/vicente\/zona-do-euro-tem-inicio-fraco-em-2021-sinalizando-retracao-no-1o-tri\/","title":{"rendered":"Zona do Euro tem in\u00edcio fraco em 2021, sinalizando retra\u00e7\u00e3o no 1\u00ba tri"},"content":{"rendered":"<p><span style=\"font-weight: 400\">ROSANA HESSEL<\/span><\/p>\n<p>&nbsp;<\/p>\n<p><span style=\"font-weight: 400\">Indicador de atividade na Zona do Euro da Oxford Economics mostra uma recupera\u00e7\u00e3o muito lenta no in\u00edcio de 2021, antes da piora dos quadros de cont\u00e1gios na regi\u00e3o devido \u00e0s festas de fim de ano. A consultoria brit\u00e2nica n\u00e3o descarta a possibilidade de retra\u00e7\u00e3o do Produto Interno Bruto (PIB) no primeiro trimestre.\u00a0<\/span><\/p>\n<p>&nbsp;<\/p>\n<p><span style=\"font-weight: 400\">De acordo com dados da entidade divulgados nesta ter\u00e7a-feira (19\/01), o indicador Eurozone Recovery Tracker caiu 0,8 pontos, na semana encerrada em 3 de janeiro de 2021 em compara\u00e7\u00e3o com a semana anterior, para 66,1 pontos, &#8220;confirmando o fraco in\u00edcio de ano para a economia europeia\u201d.\u00a0 A Zona do Euro \u00e9 composta por 19 pa\u00edses adotam oficialmente a moeda comum da Uni\u00e3o Europeia.<\/span><\/p>\n<p>&nbsp;<\/p>\n<p><span style=\"font-weight: 400\">A consultoria informou no relat\u00f3rio que o \u00edndice de produ\u00e7\u00e3o registrou a queda mais acentuada, em parte, devido aos ajustes sazonais dos dados. \u201cPor\u00e9m, o mais preocupante \u00e9 que os indicadores de sa\u00fade e de consumo ca\u00edram novamente, com o aumento das infec\u00e7\u00f5es por covid-19 levando a ado\u00e7\u00e3o de medidas de conten\u00e7\u00e3o mais r\u00edgidas, pressionando ainda mais os consumidores\u201d, alertou a entidade que espera uma piora na situa\u00e7\u00e3o da sa\u00fade uma vez que o indicador ainda n\u00e3o constatou o impacto da aglomera\u00e7\u00e3o das festas de fim de ano.\u00a0 <\/span><\/p>\n<p>&nbsp;<\/p>\n<p><span style=\"font-weight: 400\">\u201c<\/span><span style=\"font-weight: 400\">Isso levar\u00e1 a bloqueios mais longos e reduzir\u00e1 a atividade nos primeiros meses do ano, possivelmente, levando o PIB da Zona do Euro a uma contra\u00e7\u00e3o no primeiro trimestre\u201d, alertou. &#8220;<\/span><span style=\"font-weight: 400\">\u00c9 prov\u00e1vel que a situa\u00e7\u00e3o de sa\u00fade continue a piorar nas pr\u00f3ximas semanas, j\u00e1 que o impacto do aumento da mistura no Natal se reflete em um maior n\u00famero de casos e hospitaliza\u00e7\u00f5es\u201d, acrescentou.<\/span><\/p>\n<p>&nbsp;<\/p>\n<p>A pandemia da covid-19 j\u00e1 matou mais de 2 milh\u00f5es de pessoas no mundo. Conforme os dados do painel da Johns Hopkins University, de Washington, os Estados Unidos s\u00e3o o pa\u00eds com o maior n\u00famero de mortes, 399 mil, enquanto o Brasil, em segundo lugar, contabilizou 210,3 mil v\u00edtimas fatais.<\/p>\n<p>&nbsp;<\/p>\n<p>&nbsp;<\/p>\n","protected":false},"excerpt":{"rendered":"<p>ROSANA HESSEL &nbsp; Indicador de atividade na Zona do Euro da Oxford Economics mostra uma recupera\u00e7\u00e3o muito lenta no in\u00edcio de 2021, antes da piora dos quadros de cont\u00e1gios na regi\u00e3o devido \u00e0s festas de fim de ano. A consultoria brit\u00e2nica n\u00e3o descarta a possibilidade de retra\u00e7\u00e3o do Produto Interno Bruto (PIB) no primeiro trimestre.\u00a0 [&hellip;]<\/p>\n","protected":false},"author":22,"featured_media":16565,"comment_status":"open","ping_status":"closed","sticky":false,"template":"","format":"standard","meta":{"footnotes":""},"categories":[600],"tags":[4776,4510,58,5132],"class_list":["post-17225","post","type-post","status-publish","format-standard","has-post-thumbnail","hentry","category-economia","tag-oxford-economics","tag-pandemia","tag-pib","tag-zona-do-euro"],"_links":{"self":[{"href":"https:\/\/blogs.correiobraziliense.com.br\/vicente\/wp-json\/wp\/v2\/posts\/17225","targetHints":{"allow":["GET"]}}],"collection":[{"href":"https:\/\/blogs.correiobraziliense.com.br\/vicente\/wp-json\/wp\/v2\/posts"}],"about":[{"href":"https:\/\/blogs.correiobraziliense.com.br\/vicente\/wp-json\/wp\/v2\/types\/post"}],"author":[{"embeddable":true,"href":"https:\/\/blogs.correiobraziliense.com.br\/vicente\/wp-json\/wp\/v2\/users\/22"}],"replies":[{"embeddable":true,"href":"https:\/\/blogs.correiobraziliense.com.br\/vicente\/wp-json\/wp\/v2\/comments?post=17225"}],"version-history":[{"count":2,"href":"https:\/\/blogs.correiobraziliense.com.br\/vicente\/wp-json\/wp\/v2\/posts\/17225\/revisions"}],"predecessor-version":[{"id":17227,"href":"https:\/\/blogs.correiobraziliense.com.br\/vicente\/wp-json\/wp\/v2\/posts\/17225\/revisions\/17227"}],"wp:featuredmedia":[{"embeddable":true,"href":"https:\/\/blogs.correiobraziliense.com.br\/vicente\/wp-json\/wp\/v2\/media\/16565"}],"wp:attachment":[{"href":"https:\/\/blogs.correiobraziliense.com.br\/vicente\/wp-json\/wp\/v2\/media?parent=17225"}],"wp:term":[{"taxonomy":"category","embeddable":true,"href":"https:\/\/blogs.correiobraziliense.com.br\/vicente\/wp-json\/wp\/v2\/categories?post=17225"},{"taxonomy":"post_tag","embeddable":true,"href":"https:\/\/blogs.correiobraziliense.com.br\/vicente\/wp-json\/wp\/v2\/tags?post=17225"}],"curies":[{"name":"wp","href":"https:\/\/api.w.org\/{rel}","templated":true}]}}