{"id":17223,"date":"2021-01-18T22:36:14","date_gmt":"2021-01-19T01:36:14","guid":{"rendered":"https:\/\/blogs.correiobraziliense.com.br\/vicente\/?p=17223"},"modified":"2021-01-18T23:00:50","modified_gmt":"2021-01-19T02:00:50","slug":"para-bolsonaro-doria-tera-o-troco-em-breve-a-hora-dele-vai-chegar","status":"publish","type":"post","link":"https:\/\/blogs.correiobraziliense.com.br\/vicente\/para-bolsonaro-doria-tera-o-troco-em-breve-a-hora-dele-vai-chegar\/","title":{"rendered":"Para Bolsonaro, Doria ter\u00e1 o troco em breve. &#8220;A hora dele vai chegar&#8221;"},"content":{"rendered":"<h2>Aliados do presidente Jair Bolsonaro dizem que ele dar\u00e1 o troco no governador de S\u00e3o Paulo, Jo\u00e3o Doria, em breve. Bolsonaro n\u00e3o perdoa o inimigo pol\u00edtico por ter sa\u00eddo vitorioso na guerra pela vacina contra o novo coronav\u00edrus.<\/h2>\n<p>&nbsp;<\/p>\n<p>Desde o fim de semana, quando ficou claro que a Ag\u00eancia Nacional de Vigil\u00e2ncia Sanit\u00e1ria (Anvisa) aprovaria o uso da CoronaVac, fabricada pelo Instituto Butantan, o presidente da Rep\u00fablica vem se remoendo de raiva e busca uma forma de partir para cima de Doria.<\/p>\n<p>&nbsp;<\/p>\n<p>&#8220;A hora dele vai chegar&#8221;, teria dito Bolsonaro a alguns interlocutores. Doria posou como o grande salvador da lavoura ao insistir na fabrica\u00e7\u00e3o da vacina em parceria com o laborat\u00f3rio chin\u00eas Sinovac. O governador paulista tirou do governo federal a t\u00e3o desejada foto do primeiro brasileiro vacinado em solo nacional contra a covid-19.<\/p>\n<p>&nbsp;<\/p>\n<p><strong>Derrota presidencial<\/strong><\/p>\n<p>&nbsp;<\/p>\n<p>A derrota de Bolsonaro para Doria ficou ainda maior porque o governo federal fracassou na tentativa de importar, da \u00cdndia, 2 milh\u00f5es de doses da vacina produzida pela AstraZeneca em parceria com a Universidade de Oxford. Com isso, s\u00f3 restou ao pa\u00eds, pelo menos neste momento, a CoronaVac como op\u00e7\u00e3o.<\/p>\n<p>&nbsp;<\/p>\n<p>A meta de Bolsonaro \u00e9 tirar Doria do caminho para 2022, quando o chefe do Pal\u00e1cio do Planalto tentar\u00e1 a reelei\u00e7\u00e3o. E n\u00e3o medir\u00e1 esfor\u00e7os para isso. Tamb\u00e9m est\u00e1 decidido que, para conter a perda de popularidade, que come\u00e7a a aparecer nas pesquisas, o presidente refor\u00e7ar\u00e1 seu antagonismo com o PT, que movimenta seus seguidores.<\/p>\n<p>&nbsp;<\/p>\n<p>Resta saber que armas Bolsonaro ter\u00e1 para enfrentar o governador paulista. O que se diz no Pal\u00e1cio do Planalto \u00e9 que a guerra entre o presidente e Doria vai esquentar \u2014 e muito. &#8220;Bolsonaro n\u00e3o se dar\u00e1 por vencido. Ele est\u00e1 com o ego muito ferido&#8221;, diz um integrante do governo.<\/p>\n<p>&nbsp;<\/p>\n<p><em>Bras\u00edlia, 22h36min<\/em><\/p>\n","protected":false},"excerpt":{"rendered":"<p>Aliados do presidente Jair Bolsonaro dizem que ele dar\u00e1 o troco no governador de S\u00e3o Paulo, Jo\u00e3o Doria, em breve. Bolsonaro n\u00e3o perdoa o inimigo pol\u00edtico por ter sa\u00eddo vitorioso na guerra pela vacina contra o novo coronav\u00edrus. &nbsp; Desde o fim de semana, quando ficou claro que a Ag\u00eancia Nacional de Vigil\u00e2ncia Sanit\u00e1ria (Anvisa) [&hellip;]<\/p>\n","protected":false},"author":22,"featured_media":16767,"comment_status":"open","ping_status":"closed","sticky":false,"template":"","format":"standard","meta":{"footnotes":""},"categories":[600],"tags":[926,5157,5156,2526,2787,579],"class_list":["post-17223","post","type-post","status-publish","format-standard","has-post-thumbnail","hentry","category-economia","tag-brasilia","tag-doria-tera-o-troco-em-breve-a-hora-dele-vai-chegar","tag-para-bolsonaro","tag-poder","tag-politica","tag-saude"],"_links":{"self":[{"href":"https:\/\/blogs.correiobraziliense.com.br\/vicente\/wp-json\/wp\/v2\/posts\/17223","targetHints":{"allow":["GET"]}}],"collection":[{"href":"https:\/\/blogs.correiobraziliense.com.br\/vicente\/wp-json\/wp\/v2\/posts"}],"about":[{"href":"https:\/\/blogs.correiobraziliense.com.br\/vicente\/wp-json\/wp\/v2\/types\/post"}],"author":[{"embeddable":true,"href":"https:\/\/blogs.correiobraziliense.com.br\/vicente\/wp-json\/wp\/v2\/users\/22"}],"replies":[{"embeddable":true,"href":"https:\/\/blogs.correiobraziliense.com.br\/vicente\/wp-json\/wp\/v2\/comments?post=17223"}],"version-history":[{"count":1,"href":"https:\/\/blogs.correiobraziliense.com.br\/vicente\/wp-json\/wp\/v2\/posts\/17223\/revisions"}],"predecessor-version":[{"id":17224,"href":"https:\/\/blogs.correiobraziliense.com.br\/vicente\/wp-json\/wp\/v2\/posts\/17223\/revisions\/17224"}],"wp:featuredmedia":[{"embeddable":true,"href":"https:\/\/blogs.correiobraziliense.com.br\/vicente\/wp-json\/wp\/v2\/media\/16767"}],"wp:attachment":[{"href":"https:\/\/blogs.correiobraziliense.com.br\/vicente\/wp-json\/wp\/v2\/media?parent=17223"}],"wp:term":[{"taxonomy":"category","embeddable":true,"href":"https:\/\/blogs.correiobraziliense.com.br\/vicente\/wp-json\/wp\/v2\/categories?post=17223"},{"taxonomy":"post_tag","embeddable":true,"href":"https:\/\/blogs.correiobraziliense.com.br\/vicente\/wp-json\/wp\/v2\/tags?post=17223"}],"curies":[{"name":"wp","href":"https:\/\/api.w.org\/{rel}","templated":true}]}}