{"id":17215,"date":"2021-01-17T20:01:20","date_gmt":"2021-01-17T23:01:20","guid":{"rendered":"https:\/\/blogs.correiobraziliense.com.br\/vicente\/?p=17215"},"modified":"2021-01-17T20:55:04","modified_gmt":"2021-01-17T23:55:04","slug":"em-desvantagem-na-questao-da-vacina-bolsonaro-vai-pressionar-por-programa-social","status":"publish","type":"post","link":"https:\/\/blogs.correiobraziliense.com.br\/vicente\/em-desvantagem-na-questao-da-vacina-bolsonaro-vai-pressionar-por-programa-social\/","title":{"rendered":"Em desvantagem na quest\u00e3o da vacina, Bolsonaro vai pressionar por programa social"},"content":{"rendered":"<h2>Integrantes do governo, que conhecem a fundo o presidente Jair Bolsonaro e viram a ira dele diante da sova que levou na redes sociais por causa da CoronaVac, est\u00e3o convencidos de que ele come\u00e7ar\u00e1 a semana mais populista do que nunca, pressionando o ministro da Economia, Paulo Guedes, por um programa social para chamar de seu.<\/h2>\n<p>&nbsp;<\/p>\n<p>Bolsonaro est\u00e1 convencido de que a \u00fanica forma de sair da desvantagem em que se encontra em rela\u00e7\u00e3o ao governador de S\u00e3o Paulo, Jo\u00e3o Doria, \u00e9 mexer com a parte mais sens\u00edvel das pessoas: o bolso. Portanto, est\u00e1 convencido em lan\u00e7ar m\u00e3o, o mais rapidamente poss\u00edvel, de um substituto para o aux\u00edlio emergencial, que acabou em dezembro.<\/p>\n<p>&nbsp;<\/p>\n<p>O presidente n\u00e3o aceitar\u00e1 mais as justificativas de Guedes, de que as contas p\u00fablicas est\u00e3o em frangalhos. Segundo integrantes do Pal\u00e1cio do Planalto, se perdeu a guerra das vacinas, Bolsonaro ter\u00e1 que tirar proveito da economia. Ele sabe que, ao botar dinheiro nas m\u00e3os dos mais pobres, conseguir\u00e1 reverter boa parte da mar\u00e9 negativa em que se encontra. E evitar a derrocada de sua popularidade.<\/p>\n<p>&nbsp;<\/p>\n<p>O presidente n\u00e3o conseguiu a primeira foto com o brasileiro a ser vacinado contra a covid-19. Viu seus planos de trazer 2 milh\u00f5es de doses da vacina da AstraZeneca da \u00cdndia serem frustrados. Perdeu feio nas redes sociais nos \u00faltimos dias \u2014 seus apoiadores ficaram sem desculpas ante o caos em Manaus e a aprova\u00e7\u00e3o da CoronaVac pela Anvisa \u2014 e o risco de impeachment voltou ao radar.<\/p>\n<p>&nbsp;<\/p>\n<p>No entender de aliados de Bolsonaro, ainda h\u00e1 a possibilidade de o Congresso lhe tirar o protagonismo de um programa social, caso seja suspenso o recesso do Legislativo como defende o presidente da C\u00e2mara, Rodrigo Maia, e uma leva de parlamentares. &#8220;Tudo est\u00e1 jogando contra o presidente. Ele precisa reagir, e r\u00e1pido&#8221;, diz um aliado.<\/p>\n<p>&nbsp;<\/p>\n<p>Portanto, avisa um assessor do Pal\u00e1cio do Planalto, que Paulo Guedes se prepare. A economia voltar\u00e1 com tudo ao foco de Bolsonaro, pois ele sabe que est\u00e1 a\u00ed a sua t\u00e1bua de salva\u00e7\u00e3o. Se n\u00e3o tirar not\u00edcias boas da economia, n\u00e3o ter\u00e1 como enfrentar o tiroteio no qual se meteu. Resta saber o que dir\u00e1 Guedes.<\/p>\n<p>&nbsp;<\/p>\n<p><em>Bras\u00edlia, 20h01min<\/em><\/p>\n","protected":false},"excerpt":{"rendered":"<p>Integrantes do governo, que conhecem a fundo o presidente Jair Bolsonaro e viram a ira dele diante da sova que levou na redes sociais por causa da CoronaVac, est\u00e3o convencidos de que ele come\u00e7ar\u00e1 a semana mais populista do que nunca, pressionando o ministro da Economia, Paulo Guedes, por um programa social para chamar de [&hellip;]<\/p>\n","protected":false},"author":22,"featured_media":16767,"comment_status":"open","ping_status":"closed","sticky":false,"template":"","format":"standard","meta":{"footnotes":""},"categories":[600],"tags":[5153,926,589,5152,2526,2787],"class_list":["post-17215","post","type-post","status-publish","format-standard","has-post-thumbnail","hentry","category-economia","tag-bolsonaro-vai-pressionar-por-programa-social","tag-brasilia","tag-economia","tag-em-desvantagem-na-questao-da-vacina","tag-poder","tag-politica"],"_links":{"self":[{"href":"https:\/\/blogs.correiobraziliense.com.br\/vicente\/wp-json\/wp\/v2\/posts\/17215","targetHints":{"allow":["GET"]}}],"collection":[{"href":"https:\/\/blogs.correiobraziliense.com.br\/vicente\/wp-json\/wp\/v2\/posts"}],"about":[{"href":"https:\/\/blogs.correiobraziliense.com.br\/vicente\/wp-json\/wp\/v2\/types\/post"}],"author":[{"embeddable":true,"href":"https:\/\/blogs.correiobraziliense.com.br\/vicente\/wp-json\/wp\/v2\/users\/22"}],"replies":[{"embeddable":true,"href":"https:\/\/blogs.correiobraziliense.com.br\/vicente\/wp-json\/wp\/v2\/comments?post=17215"}],"version-history":[{"count":1,"href":"https:\/\/blogs.correiobraziliense.com.br\/vicente\/wp-json\/wp\/v2\/posts\/17215\/revisions"}],"predecessor-version":[{"id":17216,"href":"https:\/\/blogs.correiobraziliense.com.br\/vicente\/wp-json\/wp\/v2\/posts\/17215\/revisions\/17216"}],"wp:featuredmedia":[{"embeddable":true,"href":"https:\/\/blogs.correiobraziliense.com.br\/vicente\/wp-json\/wp\/v2\/media\/16767"}],"wp:attachment":[{"href":"https:\/\/blogs.correiobraziliense.com.br\/vicente\/wp-json\/wp\/v2\/media?parent=17215"}],"wp:term":[{"taxonomy":"category","embeddable":true,"href":"https:\/\/blogs.correiobraziliense.com.br\/vicente\/wp-json\/wp\/v2\/categories?post=17215"},{"taxonomy":"post_tag","embeddable":true,"href":"https:\/\/blogs.correiobraziliense.com.br\/vicente\/wp-json\/wp\/v2\/tags?post=17215"}],"curies":[{"name":"wp","href":"https:\/\/api.w.org\/{rel}","templated":true}]}}