{"id":17201,"date":"2021-01-15T15:49:52","date_gmt":"2021-01-15T18:49:52","guid":{"rendered":"https:\/\/blogs.correiobraziliense.com.br\/vicente\/?p=17201"},"modified":"2021-01-15T15:49:52","modified_gmt":"2021-01-15T18:49:52","slug":"tesouro-faz-emissoes-recordes-e-perfil-da-divida-piora-diz-ohmresearch","status":"publish","type":"post","link":"https:\/\/blogs.correiobraziliense.com.br\/vicente\/tesouro-faz-emissoes-recordes-e-perfil-da-divida-piora-diz-ohmresearch\/","title":{"rendered":"Tesouro faz emiss\u00f5es recordes e perfil da d\u00edvida piora, diz Ohmresearch"},"content":{"rendered":"<p>ROSANA HESSEL<\/p>\n<p>&nbsp;<\/p>\n<p>O Tesouro Nacional fez emiss\u00f5es recordes em 2020, e, como resultado, o perfil da d\u00edvida p\u00fablica piorou bastante, o que ser\u00e1 um dos principais desafios para a retomada do crescimento em 2021.<\/p>\n<p>&nbsp;<\/p>\n<p>Conforme levantamento feito pelo economista Sergio Goldenstein,\u00a0consultor da Ohmresearch Independent Insights, no ano passado, as emiss\u00f5es do Tesouro somaram R$ 1,24 trilh\u00e3o, em grande, parte para cobrir o deficit prim\u00e1rio acima de R$ 700 bilh\u00f5es nas contas p\u00fablicas devido \u00e0s medidas emergenciais no combate \u00e0 pandemia de covid-19. Desse montante, 67% foram emiss\u00f5es de papeis prefixados (LTN e NTN-F), bem acima dos 50% computados em 2019. J\u00e1 os papeis indexados \u00e0 taxa b\u00e1sica de juros (Selic), conhecidos como LFTs, representaram 18% desse volume, praticamente a metade dos 38% contabilizados no ano anterior.<\/p>\n<p>&nbsp;<\/p>\n<p>O estudo divulgado nesta sexta-feira mostra ainda que, apenas no \u00faltimo bimestre de 2020, as emiss\u00f5es brutas foram recordes, somando R$ 337 bilh\u00f5es, e, descontando os vencimentos do per\u00edodo, a emiss\u00e3o l\u00edquida somou R$ 320 bilh\u00f5es, um dado &#8220;bastante expressivo&#8221;.<\/p>\n<p>&nbsp;<\/p>\n<p>Apesar de avaliar que o Tesouro conseguiu ser bem-sucedido na gest\u00e3o da d\u00edvida p\u00fablica por conseguir rolar boa parte dos t\u00edtulos vencidos no ano passado, o analista demonstrou preocupa\u00e7\u00e3o com a piora no perfil da d\u00edvida p\u00fablica, que teve os prazos encurtados.<\/p>\n<p>&nbsp;<\/p>\n<p>&#8220;Em 2020, observou-se deteriora\u00e7\u00e3o do perfil da DPMFi (D\u00edvida P\u00fablica Mobili\u00e1ria Federal interna), para a qual contribu\u00edram, al\u00e9m do\u00a0agravamento do quadro fiscal do pa\u00eds, a redu\u00e7\u00e3o bastante acentuada da taxa Selic&#8221;, destacou o documento. De acordo com o estudo, a LFT perdeu\u00a0sua principal atratividade (baixo risco) em momentos de maior incerteza, pois o comprador do\u00a0papel j\u00e1 inicia o carregamento do t\u00edtulo com expectativa de retorno real negativo durante um\u00a0bom tempo. &#8220;O Tesouro passou a concentrar suas emiss\u00f5es em t\u00edtulos prefixados de curto prazo, o\u00a0que, em conjunto com o aumento do d\u00e9ficit fiscal, acarreta eleva\u00e7\u00e3o das necessidades de\u00a0financiamento&#8221;, acrescentou.<\/p>\n<p>&nbsp;<\/p>\n<p>Na avalia\u00e7\u00e3o de Goldensein, \u00e9\u00a0praticamente consensual entre os analistas que o agravamento do cen\u00e1rio fiscal representa o\u00a0principal risco na conjuntura macroecon\u00f4mica do pa\u00eds neste ano. &#8220;O exame dos indicadores da d\u00edvida p\u00fablica,\u00a0em particular da d\u00edvida mobili\u00e1ria, e do seu gerenciamento permite uma avalia\u00e7\u00e3o mais criteriosa\u00a0do balan\u00e7o de riscos&#8221;, complementou.<\/p>\n<p>&nbsp;<\/p>\n<p>No levantamento, o analista apontou ainda que o &#8220;colch\u00e3o de liquidez&#8221; da d\u00edvida p\u00fablica era de R$ 768 bilh\u00f5es em novembro de 2020, somando o montante de R$ 61 bilh\u00f5es relativo aos recursos n\u00e3o vinculados. No fim do ano passado, o volume de t\u00edtulos vencendo em 12 meses era de R$ 1,34 trilh\u00e3o.<\/p>\n<p>&nbsp;<\/p>\n","protected":false},"excerpt":{"rendered":"<p>ROSANA HESSEL &nbsp; O Tesouro Nacional fez emiss\u00f5es recordes em 2020, e, como resultado, o perfil da d\u00edvida p\u00fablica piorou bastante, o que ser\u00e1 um dos principais desafios para a retomada do crescimento em 2021. &nbsp; Conforme levantamento feito pelo economista Sergio Goldenstein,\u00a0consultor da Ohmresearch Independent Insights, no ano passado, as emiss\u00f5es do Tesouro somaram [&hellip;]<\/p>\n","protected":false},"author":22,"featured_media":17053,"comment_status":"open","ping_status":"closed","sticky":false,"template":"","format":"standard","meta":{"footnotes":""},"categories":[600],"tags":[],"class_list":["post-17201","post","type-post","status-publish","format-standard","has-post-thumbnail","hentry","category-economia"],"_links":{"self":[{"href":"https:\/\/blogs.correiobraziliense.com.br\/vicente\/wp-json\/wp\/v2\/posts\/17201","targetHints":{"allow":["GET"]}}],"collection":[{"href":"https:\/\/blogs.correiobraziliense.com.br\/vicente\/wp-json\/wp\/v2\/posts"}],"about":[{"href":"https:\/\/blogs.correiobraziliense.com.br\/vicente\/wp-json\/wp\/v2\/types\/post"}],"author":[{"embeddable":true,"href":"https:\/\/blogs.correiobraziliense.com.br\/vicente\/wp-json\/wp\/v2\/users\/22"}],"replies":[{"embeddable":true,"href":"https:\/\/blogs.correiobraziliense.com.br\/vicente\/wp-json\/wp\/v2\/comments?post=17201"}],"version-history":[{"count":2,"href":"https:\/\/blogs.correiobraziliense.com.br\/vicente\/wp-json\/wp\/v2\/posts\/17201\/revisions"}],"predecessor-version":[{"id":17214,"href":"https:\/\/blogs.correiobraziliense.com.br\/vicente\/wp-json\/wp\/v2\/posts\/17201\/revisions\/17214"}],"wp:featuredmedia":[{"embeddable":true,"href":"https:\/\/blogs.correiobraziliense.com.br\/vicente\/wp-json\/wp\/v2\/media\/17053"}],"wp:attachment":[{"href":"https:\/\/blogs.correiobraziliense.com.br\/vicente\/wp-json\/wp\/v2\/media?parent=17201"}],"wp:term":[{"taxonomy":"category","embeddable":true,"href":"https:\/\/blogs.correiobraziliense.com.br\/vicente\/wp-json\/wp\/v2\/categories?post=17201"},{"taxonomy":"post_tag","embeddable":true,"href":"https:\/\/blogs.correiobraziliense.com.br\/vicente\/wp-json\/wp\/v2\/tags?post=17201"}],"curies":[{"name":"wp","href":"https:\/\/api.w.org\/{rel}","templated":true}]}}