{"id":17197,"date":"2021-01-15T10:58:59","date_gmt":"2021-01-15T13:58:59","guid":{"rendered":"https:\/\/blogs.correiobraziliense.com.br\/vicente\/?p=17197"},"modified":"2021-01-15T10:58:59","modified_gmt":"2021-01-15T13:58:59","slug":"itau-unibanco-eleva-projecao-de-inflacao-para-2021-de-33-para-36","status":"publish","type":"post","link":"https:\/\/blogs.correiobraziliense.com.br\/vicente\/itau-unibanco-eleva-projecao-de-inflacao-para-2021-de-33-para-36\/","title":{"rendered":"Ita\u00fa Unibanco eleva proje\u00e7\u00e3o de infla\u00e7\u00e3o para 2021 de 3,3% para 3,6%"},"content":{"rendered":"<h2>ROSANA HESSEL<\/h2>\n<h2><\/h2>\n<h2>Ap\u00f3s o forte repique da infla\u00e7\u00e3o oficial em dezembro, o Ita\u00fa Unibanco revisou as estimativas para o \u00cdndice de Pre\u00e7os ao Consumidor Amplo (IPCA) de 2021, elevando de 3,3% para 3,6%, taxa pr\u00f3xima da meta de 3,75% estipulada pelo Conselho Monet\u00e1rio Nacional (CMN).\u00a0De acordo com o banco, a atualiza\u00e7\u00e3o incorporou o pre\u00e7o mais alta das commodities agr\u00edcolas.<\/h2>\n<p>&nbsp;<\/p>\n<p>Em 2020, o indicador nacional da carestia acumulou alta de 4,52%, a maior desde 2016 e acima das previs\u00f5es do mercado.\u00a0Os pre\u00e7os do arroz e o do \u00f3leo de soja, devido \u00e0 maior demanda externa e \u00e0 valoriza\u00e7\u00e3o do d\u00f3lar dispararam no mercado interno, acumulando altas de 76,01% e de 103,79%, respectivamente.\u00a0A previs\u00e3o de 3,3% para o avan\u00e7o do IPCA, em 2022, foi mantida.<\/p>\n<p>&nbsp;<\/p>\n<p>As proje\u00e7\u00f5es fazem parte do relat\u00f3rio de revis\u00e3o de cen\u00e1rio divulgado pela institui\u00e7\u00e3o financeira, nesta sexta-feira (15\/01), onde a equipe liderada pelo economista-chefe Mario Mesquita alerta para um risco maior da segunda onda de cont\u00e1gio de covid-19 no pa\u00eds.\u00a0 &#8220;A segunda onda de coronav\u00edrus est\u00e1 levando a aumentos do n\u00famero de \u00f3bitos e hospitaliza\u00e7\u00f5es, refor\u00e7ando a import\u00e2ncia de se vacinar a popula\u00e7\u00e3o o quanto antes. A vacina\u00e7\u00e3o ajudar\u00e1 a economia tanto pelo lado da oferta, quanto da demanda&#8221;, informou o documento.<\/p>\n<p>&nbsp;<\/p>\n<p>Os economistas do banco mantiveram as estimativas de queda do Produto Interno Bruto (PIB) de 2020, de 4%. As\u00a0 expectativas de expans\u00e3o de 4% e de 2,5% para 2021\u00a0\u00a02022, respectivamente, tamb\u00e9m n\u00e3o foram alteradas. A previs\u00e3o para a taxa b\u00e1sica de juros (Selic), de 3,5% no fim de 2021 n\u00e3o sofreu mudan\u00e7as, contudo, o in\u00edcio do ciclo de alta foi antecipado para maio &#8220;em raz\u00e3o do ambiente inflacion\u00e1rio&#8221;.<\/p>\n<p>&nbsp;<\/p>\n<p>&#8220;Esperamos tamb\u00e9m que o Copom (Comit\u00ea de Pol\u00edtica Monet\u00e1ria) abandone o <em>forward guidance<\/em> na reuni\u00e3o de janeiro&#8221;, acrescentou a nota.\u00a0A primeira reuni\u00e3o do Copom, do Banco Central, do ano ocorre na semana que vem, entre os dias 19 e 20.<\/p>\n<p>&nbsp;<\/p>\n<p>De acordo com a institui\u00e7\u00e3o, um dos maiores desafios do governo ser\u00e1 a manuten\u00e7\u00e3o do teto de gastos, &#8212; emenda constitucional que limita o aumento das despesas \u00e0 infla\u00e7\u00e3o do ano anterior. &#8220;O teto de gastos, apesar do cen\u00e1rio ainda desafiador, deve ser cumprido nos pr\u00f3ximos anos. Esperamos d\u00e9ficits prim\u00e1rios de 2,1% do PIB em 2021 e 1,5% do PIB em 2022&#8221;, informou.<\/p>\n<p>&nbsp;<\/p>\n<p>O Ita\u00fa Unibanco ainda elevou a proje\u00e7\u00e3o de superavit da balan\u00e7a comercial deste ano e do ano que vem, devido ao pre\u00e7o elevado das commodities, passando de US$ 70 bilh\u00f5es para US$ 77 bilh\u00f5es, em 2021, e de US$ 65 bilh\u00f5es para US$ 70 bilh\u00f5es. Apesar de prever que o d\u00f3lar continue valorizada no curto prazo, o banco ainda projeta taxa de c\u00e2mbio de R$ 4,75 neste ano e no pr\u00f3ximo.<\/p>\n<p>&nbsp;<\/p>\n<p><strong>Melhora no PIB global<\/strong><\/p>\n<p>&nbsp;<\/p>\n<p>Em outro relat\u00f3rio divulgado hoje, o Ita\u00fa Unibanco avaliou que os\u00a0programas de vacina\u00e7\u00e3o no mundo est\u00e3o ganhando velocidade, permitindo a recupera\u00e7\u00e3o melhor das principais economias.\u00a0Nos Estados Unidos, segundo a institui\u00e7\u00e3o, &#8220;a combina\u00e7\u00e3o do democrata Joe Biden na presid\u00eancia com maioria do partido Democrata nas duas Casas do Congresso significar\u00e1 um novo est\u00edmulo fiscal para impulsionar o crescimento&#8221;.<\/p>\n<p>&nbsp;<\/p>\n<p>Por conta disso, o banco elevou de 4% para 5,5% a previs\u00e3o de crescimento do PIB norte-americano, em 2021. Tamb\u00e9m revisou de 6,2% para 6,6% a estimativa de expans\u00e3o do PIB global, neste ano, com a China crescendo 8,5%. J\u00e1 as\u00a0proje\u00e7\u00f5es para o PIB da Am\u00e9rica Latina passaram de 4,4% para 4,6%.<\/p>\n","protected":false},"excerpt":{"rendered":"<p>ROSANA HESSEL Ap\u00f3s o forte repique da infla\u00e7\u00e3o oficial em dezembro, o Ita\u00fa Unibanco revisou as estimativas para o \u00cdndice de Pre\u00e7os ao Consumidor Amplo (IPCA) de 2021, elevando de 3,3% para 3,6%, taxa pr\u00f3xima da meta de 3,75% estipulada pelo Conselho Monet\u00e1rio Nacional (CMN).\u00a0De acordo com o banco, a atualiza\u00e7\u00e3o incorporou o pre\u00e7o mais [&hellip;]<\/p>\n","protected":false},"author":22,"featured_media":15724,"comment_status":"open","ping_status":"closed","sticky":false,"template":"","format":"standard","meta":{"footnotes":""},"categories":[600],"tags":[589,14,1213,1212,58,4848],"class_list":["post-17197","post","type-post","status-publish","format-standard","has-post-thumbnail","hentry","category-economia","tag-economia","tag-inflacao","tag-ipca","tag-itau-unibanco","tag-pib","tag-projecoes"],"_links":{"self":[{"href":"https:\/\/blogs.correiobraziliense.com.br\/vicente\/wp-json\/wp\/v2\/posts\/17197","targetHints":{"allow":["GET"]}}],"collection":[{"href":"https:\/\/blogs.correiobraziliense.com.br\/vicente\/wp-json\/wp\/v2\/posts"}],"about":[{"href":"https:\/\/blogs.correiobraziliense.com.br\/vicente\/wp-json\/wp\/v2\/types\/post"}],"author":[{"embeddable":true,"href":"https:\/\/blogs.correiobraziliense.com.br\/vicente\/wp-json\/wp\/v2\/users\/22"}],"replies":[{"embeddable":true,"href":"https:\/\/blogs.correiobraziliense.com.br\/vicente\/wp-json\/wp\/v2\/comments?post=17197"}],"version-history":[{"count":2,"href":"https:\/\/blogs.correiobraziliense.com.br\/vicente\/wp-json\/wp\/v2\/posts\/17197\/revisions"}],"predecessor-version":[{"id":17199,"href":"https:\/\/blogs.correiobraziliense.com.br\/vicente\/wp-json\/wp\/v2\/posts\/17197\/revisions\/17199"}],"wp:featuredmedia":[{"embeddable":true,"href":"https:\/\/blogs.correiobraziliense.com.br\/vicente\/wp-json\/wp\/v2\/media\/15724"}],"wp:attachment":[{"href":"https:\/\/blogs.correiobraziliense.com.br\/vicente\/wp-json\/wp\/v2\/media?parent=17197"}],"wp:term":[{"taxonomy":"category","embeddable":true,"href":"https:\/\/blogs.correiobraziliense.com.br\/vicente\/wp-json\/wp\/v2\/categories?post=17197"},{"taxonomy":"post_tag","embeddable":true,"href":"https:\/\/blogs.correiobraziliense.com.br\/vicente\/wp-json\/wp\/v2\/tags?post=17197"}],"curies":[{"name":"wp","href":"https:\/\/api.w.org\/{rel}","templated":true}]}}