{"id":17192,"date":"2021-01-14T20:01:10","date_gmt":"2021-01-14T23:01:10","guid":{"rendered":"https:\/\/blogs.correiobraziliense.com.br\/vicente\/?p=17192"},"modified":"2021-01-14T20:31:20","modified_gmt":"2021-01-14T23:31:20","slug":"inss-amplia-em-10-o-numero-de-funcionarios-para-analisar-pedidos-de-aposentadorias","status":"publish","type":"post","link":"https:\/\/blogs.correiobraziliense.com.br\/vicente\/inss-amplia-em-10-o-numero-de-funcionarios-para-analisar-pedidos-de-aposentadorias\/","title":{"rendered":"INSS amplia em 10% o n\u00famero de funcion\u00e1rios para analisar pedidos de aposentadorias"},"content":{"rendered":"<p>Na tentativa de agilizar o andamento de mais de 1,2 milh\u00e3o de processos encalhados, o Instituto Nacional do Seguro Social (INSS) ampliou de 30% para 40% o total de servidores respons\u00e1veis pelas an\u00e1lises de pedidos de benef\u00edcios, sobretudo, de aposentadorias.<\/p>\n<p>&nbsp;<\/p>\n<p>O refor\u00e7o foi poss\u00edvel gra\u00e7as \u00e0 contrata\u00e7\u00e3o dos aposentados e militares inativos, no ano passado, e ap\u00f3s a realiza\u00e7\u00e3o de oficinas com os gestores das cinco Superintend\u00eancias Regionais, em dezembro de 2020.<\/p>\n<p>&nbsp;<\/p>\n<p>Segundo o INSS, o refor\u00e7o passa pela transfer\u00eancia de servidores de \u00e1reas meio e de atendimento, que est\u00e3o sendo substitu\u00eddos pelos aposentados tempor\u00e1rios nas suas atuais fun\u00e7\u00f5es. Isso, acrescenta o \u00f3rg\u00e3o, diminuir\u00e1 &#8220;sensivelmente o tempo de concess\u00e3o, o que acarretar\u00e1 na diminui\u00e7\u00e3o de pagamento de corre\u00e7\u00e3o, uma vez que os benef\u00edcios ser\u00e3o concedidos com maior celeridade, dentro do prazo previsto&#8221;.<\/p>\n<p>&nbsp;<\/p>\n<p>O INSS informa, tamb\u00e9m, est\u00e1 ampliando o n\u00famero de servidores que atuam exclusivamente na concess\u00e3o de benef\u00edcio, por meio da implementa\u00e7\u00e3o de programas de gest\u00e3o por teletrabalho. Esses funcion\u00e1rios trabalham com meta mensal maior do que os demais, portanto, apresentam maior produtividade na an\u00e1lise de requerimentos, o que acarretar\u00e1 em not\u00f3ria queda do estoque de pedidos.<\/p>\n<p>&nbsp;<\/p>\n<p>O INSS garante que promover\u00e1, em todo o pa\u00eds, qualifica\u00e7\u00e3o dos requerimentos para reduzir o n\u00famero de pedidos em exig\u00eancia, desburocratiza\u00e7\u00e3o e simplifica\u00e7\u00e3o de processos para acelerar a an\u00e1lise, e implementar\u00e1 automaticamente a concess\u00e3o de benef\u00edcios judiciais. A popula\u00e7\u00e3o agradece.<\/p>\n<p>&nbsp;<\/p>\n<p><em>Bras\u00edlia, 20h11min<\/em><\/p>\n","protected":false},"excerpt":{"rendered":"<p>Na tentativa de agilizar o andamento de mais de 1,2 milh\u00e3o de processos encalhados, o Instituto Nacional do Seguro Social (INSS) ampliou de 30% para 40% o total de servidores respons\u00e1veis pelas an\u00e1lises de pedidos de benef\u00edcios, sobretudo, de aposentadorias. &nbsp; O refor\u00e7o foi poss\u00edvel gra\u00e7as \u00e0 contrata\u00e7\u00e3o dos aposentados e militares inativos, no ano [&hellip;]<\/p>\n","protected":false},"author":22,"featured_media":11151,"comment_status":"open","ping_status":"closed","sticky":false,"template":"","format":"standard","meta":{"footnotes":""},"categories":[600],"tags":[589,5151,4547,429],"class_list":["post-17192","post","type-post","status-publish","format-standard","has-post-thumbnail","hentry","category-economia","tag-economia","tag-inss-amplia-em-10-o-numero-de-funcionarios-para-analisar-pedidos-de-aposentadorias","tag-negocios","tag-previdencia"],"_links":{"self":[{"href":"https:\/\/blogs.correiobraziliense.com.br\/vicente\/wp-json\/wp\/v2\/posts\/17192","targetHints":{"allow":["GET"]}}],"collection":[{"href":"https:\/\/blogs.correiobraziliense.com.br\/vicente\/wp-json\/wp\/v2\/posts"}],"about":[{"href":"https:\/\/blogs.correiobraziliense.com.br\/vicente\/wp-json\/wp\/v2\/types\/post"}],"author":[{"embeddable":true,"href":"https:\/\/blogs.correiobraziliense.com.br\/vicente\/wp-json\/wp\/v2\/users\/22"}],"replies":[{"embeddable":true,"href":"https:\/\/blogs.correiobraziliense.com.br\/vicente\/wp-json\/wp\/v2\/comments?post=17192"}],"version-history":[{"count":2,"href":"https:\/\/blogs.correiobraziliense.com.br\/vicente\/wp-json\/wp\/v2\/posts\/17192\/revisions"}],"predecessor-version":[{"id":17195,"href":"https:\/\/blogs.correiobraziliense.com.br\/vicente\/wp-json\/wp\/v2\/posts\/17192\/revisions\/17195"}],"wp:featuredmedia":[{"embeddable":true,"href":"https:\/\/blogs.correiobraziliense.com.br\/vicente\/wp-json\/wp\/v2\/media\/11151"}],"wp:attachment":[{"href":"https:\/\/blogs.correiobraziliense.com.br\/vicente\/wp-json\/wp\/v2\/media?parent=17192"}],"wp:term":[{"taxonomy":"category","embeddable":true,"href":"https:\/\/blogs.correiobraziliense.com.br\/vicente\/wp-json\/wp\/v2\/categories?post=17192"},{"taxonomy":"post_tag","embeddable":true,"href":"https:\/\/blogs.correiobraziliense.com.br\/vicente\/wp-json\/wp\/v2\/tags?post=17192"}],"curies":[{"name":"wp","href":"https:\/\/api.w.org\/{rel}","templated":true}]}}