{"id":17190,"date":"2021-01-14T19:01:56","date_gmt":"2021-01-14T22:01:56","guid":{"rendered":"https:\/\/blogs.correiobraziliense.com.br\/vicente\/?p=17190"},"modified":"2021-01-14T20:23:22","modified_gmt":"2021-01-14T23:23:22","slug":"cade-autoriza-a-compra-da-ceb-distribuicao-pela-neoenergia","status":"publish","type":"post","link":"https:\/\/blogs.correiobraziliense.com.br\/vicente\/cade-autoriza-a-compra-da-ceb-distribuicao-pela-neoenergia\/","title":{"rendered":"Cade autoriza a compra da CEB Distribui\u00e7\u00e3o pela Neoenergia"},"content":{"rendered":"<h2>A privatiza\u00e7\u00e3o da CEB Distribui\u00e7\u00e3o deu mais um importante passo. O Conselho Administrativo de Defesa da Concorr\u00eancia (Cade) autorizou a compra da empresa pelo grupo Neoenergia. No entender do \u00f3rg\u00e3o respons\u00e1vel por manter a competi\u00e7\u00e3o do mercado, n\u00e3o h\u00e1 risco de concentra\u00e7\u00e3o no neg\u00f3cio.<\/h2>\n<p>&nbsp;<\/p>\n<p>Pelo c\u00e1lculos do Cade, com a jun\u00e7\u00e3o das opera\u00e7\u00f5es da Neoenergia e da CEB Distribui\u00e7\u00e3o, o grupo passar\u00e1 a responder por 14,4% do mercado total de energia do pa\u00eds, abaixo, portanto, de 20%, \u00edndice que j\u00e1 mostra dom\u00ednio excessivo do mercado por uma mesma empresa.<\/p>\n<p>&nbsp;<\/p>\n<p>Para chegar \u00e0 decis\u00e3o, o Cade avaliou todo o mercado brasileiro de energia, uma vez que o de Bras\u00edlia est\u00e1 nas m\u00e3os de apenas uma companhia. Foram considerados o total de energia fornecida pela Neoenergia e pela CEB Distribui\u00e7\u00e3o, o faturamento da cada empresa e o n\u00famero de consumidores.<\/p>\n<p>&nbsp;<\/p>\n<p>Em nenhum desses itens houve ind\u00edcio de concentra\u00e7\u00e3o de mercado. Quando for concretizada a compra da CEB Distribui\u00e7\u00e3o pela Neoenergia, o grupo totalizar\u00e1 faturamento anual de R$ 32,3 bilh\u00f5es. Ser\u00e3o atendidas 15,1 milh\u00f5es de unidades consumidoras do pa\u00eds, equivalentes a 17,8% do total.<\/p>\n<p>&nbsp;<\/p>\n<p><strong>Aneel ainda ter\u00e1 que bater o martelo<\/strong><\/p>\n<p>&nbsp;<\/p>\n<p>Com a decis\u00e3o do Cade, a pr\u00f3xima etapa ser\u00e1 a avalia\u00e7\u00e3o pela Ag\u00eancia Nacional de Energia El\u00e9trica (Aneel), que regula e fiscaliza o setor. A perspectiva \u00e9 de que o parecer da ag\u00eancia seja emitido at\u00e9 o fim de janeiro ou no in\u00edcio de fevereiro.<\/p>\n<p>&nbsp;<\/p>\n<p>Caso o sinal da Aneel seja positivo, a Neoenergia j\u00e1 poder\u00e1 assinar o contrato de compra da CEB Distribui\u00e7\u00e3o e o aditivo de transfer\u00eancia da concess\u00e3o para prestar servi\u00e7os aos brasilienses.<\/p>\n<p>&nbsp;<\/p>\n<p>A Neoenergia arrematou o controle da CEB Distribui\u00e7\u00e3o em 4 de dezembro de 2020. Pagou R$ 2, 5 bilh\u00f5es pelo neg\u00f3cio, fechado por meio da Bahia Gera\u00e7\u00e3o de Energia, que integra o grupo controlado pela espanhola Iberdrola. Pouco mais de 30% do capital da Neoenergia est\u00e3o n\u00e3os m\u00e3os da Previ, o fundo de pens\u00e3o dos empregados do Banco do Brasil.<\/p>\n<p>&nbsp;<\/p>\n<p><em>Bras\u00edlia, 19h01min<\/em><\/p>\n","protected":false},"excerpt":{"rendered":"<p>A privatiza\u00e7\u00e3o da CEB Distribui\u00e7\u00e3o deu mais um importante passo. O Conselho Administrativo de Defesa da Concorr\u00eancia (Cade) autorizou a compra da empresa pelo grupo Neoenergia. No entender do \u00f3rg\u00e3o respons\u00e1vel por manter a competi\u00e7\u00e3o do mercado, n\u00e3o h\u00e1 risco de concentra\u00e7\u00e3o no neg\u00f3cio. &nbsp; Pelo c\u00e1lculos do Cade, com a jun\u00e7\u00e3o das opera\u00e7\u00f5es da [&hellip;]<\/p>\n","protected":false},"author":22,"featured_media":16061,"comment_status":"open","ping_status":"closed","sticky":false,"template":"","format":"standard","meta":{"footnotes":""},"categories":[600],"tags":[926,5150,36,4547],"class_list":["post-17190","post","type-post","status-publish","format-standard","has-post-thumbnail","hentry","category-economia","tag-brasilia","tag-cade-autoriza-a-compra-da-ceb-distribuicao-pela-neoenergia-economia","tag-energia","tag-negocios"],"_links":{"self":[{"href":"https:\/\/blogs.correiobraziliense.com.br\/vicente\/wp-json\/wp\/v2\/posts\/17190","targetHints":{"allow":["GET"]}}],"collection":[{"href":"https:\/\/blogs.correiobraziliense.com.br\/vicente\/wp-json\/wp\/v2\/posts"}],"about":[{"href":"https:\/\/blogs.correiobraziliense.com.br\/vicente\/wp-json\/wp\/v2\/types\/post"}],"author":[{"embeddable":true,"href":"https:\/\/blogs.correiobraziliense.com.br\/vicente\/wp-json\/wp\/v2\/users\/22"}],"replies":[{"embeddable":true,"href":"https:\/\/blogs.correiobraziliense.com.br\/vicente\/wp-json\/wp\/v2\/comments?post=17190"}],"version-history":[{"count":2,"href":"https:\/\/blogs.correiobraziliense.com.br\/vicente\/wp-json\/wp\/v2\/posts\/17190\/revisions"}],"predecessor-version":[{"id":17194,"href":"https:\/\/blogs.correiobraziliense.com.br\/vicente\/wp-json\/wp\/v2\/posts\/17190\/revisions\/17194"}],"wp:featuredmedia":[{"embeddable":true,"href":"https:\/\/blogs.correiobraziliense.com.br\/vicente\/wp-json\/wp\/v2\/media\/16061"}],"wp:attachment":[{"href":"https:\/\/blogs.correiobraziliense.com.br\/vicente\/wp-json\/wp\/v2\/media?parent=17190"}],"wp:term":[{"taxonomy":"category","embeddable":true,"href":"https:\/\/blogs.correiobraziliense.com.br\/vicente\/wp-json\/wp\/v2\/categories?post=17190"},{"taxonomy":"post_tag","embeddable":true,"href":"https:\/\/blogs.correiobraziliense.com.br\/vicente\/wp-json\/wp\/v2\/tags?post=17190"}],"curies":[{"name":"wp","href":"https:\/\/api.w.org\/{rel}","templated":true}]}}