{"id":1719,"date":"2016-06-28T15:50:39","date_gmt":"2016-06-28T18:50:39","guid":{"rendered":"https:\/\/blogs.correiobraziliense.com.br\/vicente\/?p=1719"},"modified":"2016-07-08T10:08:04","modified_gmt":"2016-07-08T13:08:04","slug":"empregados-da-embrapa-cruzam-os-bracos-nesta-quarta","status":"publish","type":"post","link":"https:\/\/blogs.correiobraziliense.com.br\/vicente\/empregados-da-embrapa-cruzam-os-bracos-nesta-quarta\/","title":{"rendered":"Empregados da Embrapa cruzam os bra\u00e7os nesta quarta"},"content":{"rendered":"<p>Diante do impasse nas negocia\u00e7\u00f5es salariais, os empregados da Embrapa (Empresa Brasileira de Pesquisa Agropecu\u00e1ria) v\u00e3o cruzar os bra\u00e7os nesta quarta-feira, 29. Eles cobram reajuste de 9,28% mais a varia\u00e7\u00e3o do PIB agr\u00edcola em 2015, de 1,8%. A empresa oferece aumento de 8,28%.<\/p>\n<p>&nbsp;<\/p>\n<p>As reivindica\u00e7\u00f5es incluem ainda adicional de insalubridade e periculosidade, aux\u00edlio-alimenta\u00e7\u00e3o e refei\u00e7\u00e3o, caf\u00e9 da manh\u00e3, aux\u00edlio creche\/pr\u00e9-escola\/bab\u00e1 e escola, promo\u00e7\u00e3o e crit\u00e9rios, jornada especial para motoristas e licen\u00e7a maternidade e paternidade.<\/p>\n<p>&nbsp;<\/p>\n<p>Segundo os empregados, a Embrapa vem sendo tratada com descaso pelo governo, que reduziu drasticamente o volume de recursos para pesquisas. Muitos projetos importantes est\u00e3o parados.<br \/>\nPor ser uma empresa p\u00fablica de car\u00e1ter social, que gera, transfere e difunde tecnologias de campo, a Embrapa \u00e9 um agente imprescind\u00edvel para a manuten\u00e7\u00e3o da seguran\u00e7a alimentar nacional.<\/p>\n<p>&nbsp;<\/p>\n<p>Para o presidente do Sindicato Nacional dos Trabalhadores de Pesquisa Agropecu\u00e1ria (Sinpaf), Julio Guerra, o governo n\u00e3o pode fechar os olhos para as reivindica\u00e7\u00f5es dos trabalhadores.<\/p>\n<p>&nbsp;<\/p>\n<p><em>Bras\u00edlia, 15h50min<\/em><\/p>\n","protected":false},"excerpt":{"rendered":"<p>Diante do impasse nas negocia\u00e7\u00f5es salariais, os empregados da Embrapa (Empresa Brasileira de Pesquisa Agropecu\u00e1ria) v\u00e3o cruzar os bra\u00e7os nesta quarta-feira, 29. Eles cobram reajuste de 9,28% mais a varia\u00e7\u00e3o do PIB agr\u00edcola em 2015, de 1,8%. A empresa oferece aumento de 8,28%. &nbsp; As reivindica\u00e7\u00f5es incluem ainda adicional de insalubridade e periculosidade, aux\u00edlio-alimenta\u00e7\u00e3o e [&hellip;]<\/p>\n","protected":false},"author":22,"featured_media":0,"comment_status":"open","ping_status":"closed","sticky":false,"template":"","format":"standard","meta":{"footnotes":""},"categories":[600,1],"tags":[475,476,347,353,124,122],"class_list":["post-1719","post","type-post","status-publish","format-standard","hentry","category-economia","category-sem-categoria","tag-embrapa","tag-funcionarios","tag-greve","tag-paralisacao","tag-reajustes","tag-salarios"],"_links":{"self":[{"href":"https:\/\/blogs.correiobraziliense.com.br\/vicente\/wp-json\/wp\/v2\/posts\/1719","targetHints":{"allow":["GET"]}}],"collection":[{"href":"https:\/\/blogs.correiobraziliense.com.br\/vicente\/wp-json\/wp\/v2\/posts"}],"about":[{"href":"https:\/\/blogs.correiobraziliense.com.br\/vicente\/wp-json\/wp\/v2\/types\/post"}],"author":[{"embeddable":true,"href":"https:\/\/blogs.correiobraziliense.com.br\/vicente\/wp-json\/wp\/v2\/users\/22"}],"replies":[{"embeddable":true,"href":"https:\/\/blogs.correiobraziliense.com.br\/vicente\/wp-json\/wp\/v2\/comments?post=1719"}],"version-history":[{"count":2,"href":"https:\/\/blogs.correiobraziliense.com.br\/vicente\/wp-json\/wp\/v2\/posts\/1719\/revisions"}],"predecessor-version":[{"id":1721,"href":"https:\/\/blogs.correiobraziliense.com.br\/vicente\/wp-json\/wp\/v2\/posts\/1719\/revisions\/1721"}],"wp:attachment":[{"href":"https:\/\/blogs.correiobraziliense.com.br\/vicente\/wp-json\/wp\/v2\/media?parent=1719"}],"wp:term":[{"taxonomy":"category","embeddable":true,"href":"https:\/\/blogs.correiobraziliense.com.br\/vicente\/wp-json\/wp\/v2\/categories?post=1719"},{"taxonomy":"post_tag","embeddable":true,"href":"https:\/\/blogs.correiobraziliense.com.br\/vicente\/wp-json\/wp\/v2\/tags?post=1719"}],"curies":[{"name":"wp","href":"https:\/\/api.w.org\/{rel}","templated":true}]}}