{"id":17174,"date":"2021-01-14T11:55:46","date_gmt":"2021-01-14T14:55:46","guid":{"rendered":"https:\/\/blogs.correiobraziliense.com.br\/vicente\/?p=17174"},"modified":"2021-01-14T12:36:09","modified_gmt":"2021-01-14T15:36:09","slug":"bolsonaro-vai-piar-com-andre-brandao-como-piou-com-waldery","status":"publish","type":"post","link":"https:\/\/blogs.correiobraziliense.com.br\/vicente\/bolsonaro-vai-piar-com-andre-brandao-como-piou-com-waldery\/","title":{"rendered":"Bolsonaro vai piar com Andr\u00e9 Brand\u00e3o como piou com Waldery?"},"content":{"rendered":"<h2>Ningu\u00e9m mais se surpreende com as bravatas com presidente Jair Bolsonaro. Mas muita gente da Esplanada dos Minist\u00e9rios est\u00e1 se perguntando se o chefe do Executivo vai piar com o presidente do Banco do Brasil, Andr\u00e9 Brand\u00e3o, como piou com o secret\u00e1rio especial de Fazenda do Minist\u00e9rio da Economia, Waldery Rodrigues.<\/h2>\n<p>&nbsp;<\/p>\n<p>Em setembro de 2020, Bolsonaro, em um de seus conhecidos arroubos, disse que demitiria o funcion\u00e1rio do Minist\u00e9rio da Economia que havia condicionado a cria\u00e7\u00e3o do programa Renda Brasil ao fim do abono salarial e ao congelamento das aposentadorias. O funcion\u00e1rio era Waldery, homem de confian\u00e7a do ministro Paulo Guedes.<\/p>\n<p>&nbsp;<\/p>\n<p>Durante todo aquele dia, em que o presidente disse que n\u00e3o tiraria dos pobres para dar ao paup\u00e9rrimos, Waldery esteve com a cabe\u00e7a a pr\u00eamio. Especulou-se, inclusive, sobre v\u00e1rios nomes para substitui-lo. O tempo passou e o secret\u00e1rio continua firme e forte no cargo.<\/p>\n<p>&nbsp;<\/p>\n<p>Agora, Bolsonaro quer demitir o presidente do Banco do Brasil porque ele anunciou um plano de reestrutura\u00e7\u00e3o da institui\u00e7\u00e3o que prev\u00ea a demiss\u00e3o volunt\u00e1ria de 5 mil empregados e o fechamento de 361 pontos de atendimento, sendo 112 ag\u00eancias.<\/p>\n<p>&nbsp;<\/p>\n<p><strong>Crivo de Paulo Guedes<\/strong><\/p>\n<p>&nbsp;<\/p>\n<p>Esse plano, por sinal, passou pelo crivo do ministro Paulo Guedes e foi submetido a v\u00e1rios integrantes do Pal\u00e1cio do Planalto. N\u00e3o se pode, portanto, dizer que Bolsonaro foi surpreendido com os ajustes propostos para o Banco do Brasil, que prev\u00ea economia de quase R$ 3 bilh\u00f5es at\u00e9 2025.<\/p>\n<p>&nbsp;<\/p>\n<p>Um importante integrante da Esplanada diz que, assim como ocorreu em rela\u00e7\u00e3o a Waldery Rodrigues, seria muito bom que Bolsonaro piasse no caso de Andr\u00e9 Brand\u00e3o. Al\u00e9m de ser excelente profissional, o presidente do Banco do Brasil fez tudo \u00e0s claras.<\/p>\n<p>&nbsp;<\/p>\n<p>Al\u00e9m disso, o governo prometeu mundos e fundos para que Brand\u00e3o deixasse o emprego no HSBC de Nova York e transferisse toda a sua vida para o Brasil. &#8220;Espero que Paulo Guedes fa\u00e7a valer a Justi\u00e7a. Se deixar Bolsonaro demitir Brand\u00e3o mostrar\u00e1 o quanto est\u00e1 fraco. Ser\u00e1 uma injusti\u00e7a&#8221;, afirma outro integrante da Esplanada.<\/p>\n<p>&nbsp;<\/p>\n<p><em>Bras\u00edlia, 11h55min<\/em><\/p>\n","protected":false},"excerpt":{"rendered":"<p>Ningu\u00e9m mais se surpreende com as bravatas com presidente Jair Bolsonaro. Mas muita gente da Esplanada dos Minist\u00e9rios est\u00e1 se perguntando se o chefe do Executivo vai piar com o presidente do Banco do Brasil, Andr\u00e9 Brand\u00e3o, como piou com o secret\u00e1rio especial de Fazenda do Minist\u00e9rio da Economia, Waldery Rodrigues. &nbsp; Em setembro de [&hellip;]<\/p>\n","protected":false},"author":22,"featured_media":17175,"comment_status":"open","ping_status":"closed","sticky":false,"template":"","format":"standard","meta":{"footnotes":""},"categories":[600],"tags":[5146,926,589,4943,2526],"class_list":["post-17174","post","type-post","status-publish","format-standard","has-post-thumbnail","hentry","category-economia","tag-bolsonaro-vai-piar-com-andre-brandao-como-piou-com-walderi","tag-brasilia","tag-economia","tag-financas","tag-poder"],"_links":{"self":[{"href":"https:\/\/blogs.correiobraziliense.com.br\/vicente\/wp-json\/wp\/v2\/posts\/17174","targetHints":{"allow":["GET"]}}],"collection":[{"href":"https:\/\/blogs.correiobraziliense.com.br\/vicente\/wp-json\/wp\/v2\/posts"}],"about":[{"href":"https:\/\/blogs.correiobraziliense.com.br\/vicente\/wp-json\/wp\/v2\/types\/post"}],"author":[{"embeddable":true,"href":"https:\/\/blogs.correiobraziliense.com.br\/vicente\/wp-json\/wp\/v2\/users\/22"}],"replies":[{"embeddable":true,"href":"https:\/\/blogs.correiobraziliense.com.br\/vicente\/wp-json\/wp\/v2\/comments?post=17174"}],"version-history":[{"count":2,"href":"https:\/\/blogs.correiobraziliense.com.br\/vicente\/wp-json\/wp\/v2\/posts\/17174\/revisions"}],"predecessor-version":[{"id":17177,"href":"https:\/\/blogs.correiobraziliense.com.br\/vicente\/wp-json\/wp\/v2\/posts\/17174\/revisions\/17177"}],"wp:featuredmedia":[{"embeddable":true,"href":"https:\/\/blogs.correiobraziliense.com.br\/vicente\/wp-json\/wp\/v2\/media\/17175"}],"wp:attachment":[{"href":"https:\/\/blogs.correiobraziliense.com.br\/vicente\/wp-json\/wp\/v2\/media?parent=17174"}],"wp:term":[{"taxonomy":"category","embeddable":true,"href":"https:\/\/blogs.correiobraziliense.com.br\/vicente\/wp-json\/wp\/v2\/categories?post=17174"},{"taxonomy":"post_tag","embeddable":true,"href":"https:\/\/blogs.correiobraziliense.com.br\/vicente\/wp-json\/wp\/v2\/tags?post=17174"}],"curies":[{"name":"wp","href":"https:\/\/api.w.org\/{rel}","templated":true}]}}