{"id":1717,"date":"2016-06-28T14:24:05","date_gmt":"2016-06-28T17:24:05","guid":{"rendered":"https:\/\/blogs.correiobraziliense.com.br\/vicente\/?p=1717"},"modified":"2016-07-08T10:08:06","modified_gmt":"2016-07-08T13:08:06","slug":"aposta-e-de-corte-de-juros-de-05-ponto-percentual-partir-de-outubro","status":"publish","type":"post","link":"https:\/\/blogs.correiobraziliense.com.br\/vicente\/aposta-e-de-corte-de-juros-de-05-ponto-percentual-partir-de-outubro\/","title":{"rendered":"Aposta \u00e9 de corte de juros de 0,5 ponto percentual a partir de outubro"},"content":{"rendered":"<p>Ningu\u00e9m questiona o tom duro do discurso de Ilan Goldfajn em sua primeira entrevista como presidente do Banco Central. Por mais que ele tenha tentado indicar que a queda da taxa b\u00e1sica de juros (Selic) est\u00e1 mais longe do que muitos imaginam, j\u00e1 se formou um consenso no mercado de que o afrouxo na pol\u00edtica monet\u00e1ria come\u00e7ar\u00e1 em outubro e com corte de 0,5 ponto percentual, de 14,25% para 13, 75% ao ano.<\/p>\n<p>&nbsp;<\/p>\n<p>Se confirmada essa previs\u00e3o, a redu\u00e7\u00e3o dos juros ter\u00e1, de in\u00edcio, mais efeito psicol\u00f3gico do que pr\u00e1tico, devido ao efeito defasado da pol\u00edtica monet\u00e1ria. Na m\u00e9dia, o recuo da Selic s\u00f3 come\u00e7a a produzir impacto na atividade econ\u00f4mica entre seis e nove meses. No caso, a partir do primeiro trimestre de 2017.<\/p>\n<p>&nbsp;<\/p>\n<p>Para os agentes econ\u00f4micos, o importante \u00e9 que o BC d\u00ea um sinal de que as coisas est\u00e3o entrando no prumo. Ou seja, a infla\u00e7\u00e3o est\u00e1 convergindo para o centro da meta, ainda que lentamente, e a institui\u00e7\u00e3o est\u00e1 apostando que o ajuste fiscal prometido pelo ministro da Fazenda, Henrique Meirelles, ser\u00e1 realidade e n\u00e3o apenas uma promessa. Dessa forma, os empres\u00e1rios se sentir\u00e3o mais confort\u00e1veis para retomar os projetos de investimentos que o pa\u00eds tanto precisa para voltar a crescer.<\/p>\n<p>&nbsp;<\/p>\n<p>Por enquanto, a determina\u00e7\u00e3o na diretoria do BC \u00e9 manter o discurso de que, dado o quadro atual da infla\u00e7\u00e3o, que vai estourar o teto da meta pelo segundo ano consecutivo, ao cravar 6,9%, continua muito ruim e n\u00e3o avaliza aventuras na condu\u00e7\u00e3o da pol\u00edtica monet\u00e1ria.<\/p>\n<p>&nbsp;<\/p>\n<p><em>Bras\u00edlia, 14h24min<\/em><\/p>\n","protected":false},"excerpt":{"rendered":"<p>Ningu\u00e9m questiona o tom duro do discurso de Ilan Goldfajn em sua primeira entrevista como presidente do Banco Central. Por mais que ele tenha tentado indicar que a queda da taxa b\u00e1sica de juros (Selic) est\u00e1 mais longe do que muitos imaginam, j\u00e1 se formou um consenso no mercado de que o afrouxo na pol\u00edtica [&hellip;]<\/p>\n","protected":false},"author":22,"featured_media":0,"comment_status":"open","ping_status":"closed","sticky":false,"template":"","format":"standard","meta":{"footnotes":""},"categories":[600,1],"tags":[474,3,473,107,14,4,472],"class_list":["post-1717","post","type-post","status-publish","format-standard","hentry","category-economia","category-sem-categoria","tag-5-ponto-percentual","tag-banco-central","tag-corte-de-0","tag-ilan-goldfajn","tag-inflacao","tag-juros","tag-relatorio-de-inflacao"],"_links":{"self":[{"href":"https:\/\/blogs.correiobraziliense.com.br\/vicente\/wp-json\/wp\/v2\/posts\/1717","targetHints":{"allow":["GET"]}}],"collection":[{"href":"https:\/\/blogs.correiobraziliense.com.br\/vicente\/wp-json\/wp\/v2\/posts"}],"about":[{"href":"https:\/\/blogs.correiobraziliense.com.br\/vicente\/wp-json\/wp\/v2\/types\/post"}],"author":[{"embeddable":true,"href":"https:\/\/blogs.correiobraziliense.com.br\/vicente\/wp-json\/wp\/v2\/users\/22"}],"replies":[{"embeddable":true,"href":"https:\/\/blogs.correiobraziliense.com.br\/vicente\/wp-json\/wp\/v2\/comments?post=1717"}],"version-history":[{"count":1,"href":"https:\/\/blogs.correiobraziliense.com.br\/vicente\/wp-json\/wp\/v2\/posts\/1717\/revisions"}],"predecessor-version":[{"id":1718,"href":"https:\/\/blogs.correiobraziliense.com.br\/vicente\/wp-json\/wp\/v2\/posts\/1717\/revisions\/1718"}],"wp:attachment":[{"href":"https:\/\/blogs.correiobraziliense.com.br\/vicente\/wp-json\/wp\/v2\/media?parent=1717"}],"wp:term":[{"taxonomy":"category","embeddable":true,"href":"https:\/\/blogs.correiobraziliense.com.br\/vicente\/wp-json\/wp\/v2\/categories?post=1717"},{"taxonomy":"post_tag","embeddable":true,"href":"https:\/\/blogs.correiobraziliense.com.br\/vicente\/wp-json\/wp\/v2\/tags?post=1717"}],"curies":[{"name":"wp","href":"https:\/\/api.w.org\/{rel}","templated":true}]}}