{"id":17166,"date":"2021-01-14T11:25:31","date_gmt":"2021-01-14T14:25:31","guid":{"rendered":"https:\/\/blogs.correiobraziliense.com.br\/vicente\/?p=17166"},"modified":"2021-01-14T11:25:31","modified_gmt":"2021-01-14T14:25:31","slug":"bb-diz-que-nao-recebeu-comunicacao-formal-sobre-demissao-de-brandao","status":"publish","type":"post","link":"https:\/\/blogs.correiobraziliense.com.br\/vicente\/bb-diz-que-nao-recebeu-comunicacao-formal-sobre-demissao-de-brandao\/","title":{"rendered":"BB diz que n\u00e3o recebeu comunica\u00e7\u00e3o formal sobre demiss\u00e3o de Brand\u00e3o"},"content":{"rendered":"<h2>ROSANA HESSEL<\/h2>\n<h2><\/h2>\n<h2>O Banco do Brasil (BB) n\u00e3o desmentiu os rumores da demiss\u00e3o do presidente da institui\u00e7\u00e3o, Andr\u00e9 Brand\u00e3o, mas evitou dar mais informa\u00e7\u00f5es.\u00a0Em um breve fato relevante divulgado ao mercado, na manh\u00e3 desta quinta-feira (14\/01),\u00a0o BB apenas informou que n\u00e3o recebeu &#8220;nenhuma comunica\u00e7\u00e3o formal por porte do acionista controlador&#8221; e que fatos adicionais, &#8220;julgados relevantes&#8221;, ser\u00e3o informados posteriormente.<\/h2>\n<h2><\/h2>\n<p>O BB \u00e9 controlado pela Uni\u00e3o e tem acionistas privados, com pap\u00e9is negociados na Bolsa. Ontem, os <a href=\"https:\/\/www.correiobraziliense.com.br\/economia\/2021\/01\/4900257-reformas-no-bb-irritam-o-planalto-brandao-pode-ser-demitido.html\">boatos sobre a demiss\u00e3o de Brand\u00e3o<\/a>, ap\u00f3s a irrita\u00e7\u00e3o do presidente Jair Bolsonaro com a repercuss\u00e3o ruim do programa de reestrutura\u00e7\u00e3o e de demiss\u00f5es do BB junto a parlamentares, derrubaram as a\u00e7\u00f5es da institui\u00e7\u00e3o na Bolsa de Valores de S\u00e3o Paulo (B3), que encerrou o preg\u00e3o com queda de quase 5%.<\/p>\n<p>&nbsp;<\/p>\n<p>Hoje, os papeis do BB est\u00e3o oscilando bastante, mas no campo negativo. Logo ap\u00f3s a abertura do preg\u00e3o da B3, as a\u00e7\u00f5es do BB lideravam as cinco maiores baixas, com queda de 1,17%, mas, pouco depois das 11h, apresentavam recuo de 0,80%, saindo da lista das maiores perdas do dia. \u00c0s 11h16, no entanto, registravam recuo de 1,01%.<\/p>\n<p>&nbsp;<\/p>\n<p>Na segunda-feira (11\/01), o BB anunciou o terceiro Programa de Demiss\u00f5es Volunt\u00e1rias (PDV) em seis anos, prevendo um corte de 5 mil pessoas. Atualmente, o banco emprega 92,1 mil trabalhadores, menos do que os dois maiores bancos do pa\u00eds, Ita\u00fa Unibanco (97 mil) e Bradesco (95,9 mil). A expectativa do banco era de economizar at\u00e9 R$ 3 bilh\u00f5es em cinco anos com o programa se a meta de ades\u00e3o for alcan\u00e7ada.<\/p>\n<p>&nbsp;<\/p>\n<p>Al\u00e9m do PDV, a dire\u00e7\u00e3o do BB tamb\u00e9m divulgou um<a href=\"https:\/\/www.correiobraziliense.com.br\/economia\/2021\/01\/4899679-bb-reduz-quadro-e-fecha-361-unidades.html\"> plano de reestrutura\u00e7\u00e3o <\/a>prevendo o fechamento de 361 postos de atendimentos, incluindo 112 ag\u00eancias pelo pa\u00eds. As medidas deveriam proporcionar uma economia de at\u00e9 R$ 2,7 bilh\u00f5es em cinco anos. O plano de fechamento de ag\u00eancias <a href=\"https:\/\/blogs.correiobraziliense.com.br\/vicente\/paulo-guedes-deu-aval-a-demissoes-e-fechamento-de-agencias-do-banco-do-brasil\/\">teve aval do ministro da Economia, Paulo Guedes.<\/a><\/p>\n<p>&nbsp;<\/p>\n<p>Brand\u00e3o \u00e9 o segundo presidente do BB do governo Bolsonaro. Seu antecessor, Rubens Novaes, pediu demiss\u00e3o, no ano passado, por n\u00e3o conseguir avan\u00e7ar no plano de privatiza\u00e7\u00e3o do banco, uma das promessas n\u00e3o cumpridas pelo ministro quando assumiu o cargo. Guedes prometia zerar o deficit prim\u00e1rio do governo no primeiro ano e arrecadar R$ 1 trilh\u00e3o com privatiza\u00e7\u00f5es.<\/p>\n<p>&nbsp;<\/p>\n<p>Veja, abaixo, a \u00edntegra do fato relevante do BB assinado pelo vice-presidente de Gest\u00e3o Financeira e de Rela\u00e7\u00f5es com Investidores, Carlos Jos\u00e9 da Costa Andr\u00e9.<\/p>\n<p>&nbsp;<\/p>\n<p>&nbsp;<\/p>\n<p><strong><em>FATO RELEVANTE<\/em><\/strong><\/p>\n<p>&nbsp;<\/p>\n<p><em>Em atendimento ao \u00a7 4\u00ba do art. 157 da Lei n\u00ba 6.404, de 15 de dezembro de 1976, com a Instru\u00e7\u00e3o CVM<\/em><br \/>\n<em>n\u00ba 358, de 03 de janeiro de 2002, e em refer\u00eancia \u00e0s not\u00edcias divulgadas na m\u00eddia em 13 de janeiro<\/em><br \/>\n<em>sobre suposta destitui\u00e7\u00e3o do Sr. Andr\u00e9 Brand\u00e3o do cargo de Presidente, o Banco do Brasil S.A. (\u201cBB\u201d)<\/em><br \/>\n<em>informa que n\u00e3o recebeu no \u00e2mbito de seus \u00f3rg\u00e3os de governan\u00e7a nenhuma comunica\u00e7\u00e3o formal por<\/em><br \/>\n<em>parte do acionista controlador sobre qualquer decis\u00e3o a respeito do assunto, conforme disposto no<\/em><br \/>\n<em>Estatuto Social do BB e na Lei no. 4.595\/1964.<\/em><\/p>\n<p>&nbsp;<\/p>\n<p><em>2. Fatos adicionais, julgados relevantes, ser\u00e3o prontamente divulgados ao mercado.<\/em><\/p>\n<p>&nbsp;<\/p>\n<p><em>Bras\u00edlia (DF), 14 de janeiro de 2021.<\/em><\/p>\n<p>&nbsp;<\/p>\n<p><em>Carlos Jos\u00e9 da Costa Andr\u00e9<\/em><br \/>\n<em>Vice-Presidente Gest\u00e3o Financeira e de Rela\u00e7\u00f5es com Investidores<\/em><\/p>\n<p>&nbsp;<\/p>\n<p>&nbsp;<\/p>\n","protected":false},"excerpt":{"rendered":"<p>ROSANA HESSEL O Banco do Brasil (BB) n\u00e3o desmentiu os rumores da demiss\u00e3o do presidente da institui\u00e7\u00e3o, Andr\u00e9 Brand\u00e3o, mas evitou dar mais informa\u00e7\u00f5es.\u00a0Em um breve fato relevante divulgado ao mercado, na manh\u00e3 desta quinta-feira (14\/01),\u00a0o BB apenas informou que n\u00e3o recebeu &#8220;nenhuma comunica\u00e7\u00e3o formal por porte do acionista controlador&#8221; e que fatos adicionais, &#8220;julgados [&hellip;]<\/p>\n","protected":false},"author":22,"featured_media":11451,"comment_status":"open","ping_status":"closed","sticky":false,"template":"","format":"standard","meta":{"footnotes":""},"categories":[600],"tags":[4789,229,22],"class_list":["post-17166","post","type-post","status-publish","format-standard","has-post-thumbnail","hentry","category-economia","tag-andre-brandao","tag-banco-do-brasil","tag-demissao"],"_links":{"self":[{"href":"https:\/\/blogs.correiobraziliense.com.br\/vicente\/wp-json\/wp\/v2\/posts\/17166","targetHints":{"allow":["GET"]}}],"collection":[{"href":"https:\/\/blogs.correiobraziliense.com.br\/vicente\/wp-json\/wp\/v2\/posts"}],"about":[{"href":"https:\/\/blogs.correiobraziliense.com.br\/vicente\/wp-json\/wp\/v2\/types\/post"}],"author":[{"embeddable":true,"href":"https:\/\/blogs.correiobraziliense.com.br\/vicente\/wp-json\/wp\/v2\/users\/22"}],"replies":[{"embeddable":true,"href":"https:\/\/blogs.correiobraziliense.com.br\/vicente\/wp-json\/wp\/v2\/comments?post=17166"}],"version-history":[{"count":6,"href":"https:\/\/blogs.correiobraziliense.com.br\/vicente\/wp-json\/wp\/v2\/posts\/17166\/revisions"}],"predecessor-version":[{"id":17172,"href":"https:\/\/blogs.correiobraziliense.com.br\/vicente\/wp-json\/wp\/v2\/posts\/17166\/revisions\/17172"}],"wp:featuredmedia":[{"embeddable":true,"href":"https:\/\/blogs.correiobraziliense.com.br\/vicente\/wp-json\/wp\/v2\/media\/11451"}],"wp:attachment":[{"href":"https:\/\/blogs.correiobraziliense.com.br\/vicente\/wp-json\/wp\/v2\/media?parent=17166"}],"wp:term":[{"taxonomy":"category","embeddable":true,"href":"https:\/\/blogs.correiobraziliense.com.br\/vicente\/wp-json\/wp\/v2\/categories?post=17166"},{"taxonomy":"post_tag","embeddable":true,"href":"https:\/\/blogs.correiobraziliense.com.br\/vicente\/wp-json\/wp\/v2\/tags?post=17166"}],"curies":[{"name":"wp","href":"https:\/\/api.w.org\/{rel}","templated":true}]}}