{"id":17148,"date":"2021-01-13T17:01:38","date_gmt":"2021-01-13T20:01:38","guid":{"rendered":"https:\/\/blogs.correiobraziliense.com.br\/vicente\/?p=17148"},"modified":"2021-01-13T17:26:52","modified_gmt":"2021-01-13T20:26:52","slug":"planalto-teve-acesso-antecipado-a-informacoes-sobre-demissoes-e-fechamento-de-agencias-do-bb","status":"publish","type":"post","link":"https:\/\/blogs.correiobraziliense.com.br\/vicente\/planalto-teve-acesso-antecipado-a-informacoes-sobre-demissoes-e-fechamento-de-agencias-do-bb\/","title":{"rendered":"Planalto teve acesso antecipado a informa\u00e7\u00f5es sobre demiss\u00f5es e fechamento de ag\u00eancias do BB"},"content":{"rendered":"<h2>Al\u00e9m do <a href=\"https:\/\/blogs.correiobraziliense.com.br\/vicente\/paulo-guedes-deu-aval-a-demissoes-e-fechamento-de-agencias-do-banco-do-brasil\/\">ministro da Economia, Paulo Guedes<\/a>, integrantes do alto escal\u00e3o do Pal\u00e1cio do Planalto tiveram acesso ao projeto de reestrutura\u00e7\u00e3o do Banco do Brasil, que prev\u00ea a demiss\u00e3o volunt\u00e1ria de 5 mil empregados e o fechamento de 361 pontos de atendimento. N\u00e3o foi a surpresa, portanto, para ningu\u00e9m do governo, o enxugamento pelo qual a institui\u00e7\u00e3o passar\u00e1.<\/h2>\n<p>&nbsp;<\/p>\n<p>A repercuss\u00e3o negativa do an\u00fancio da reestrutura\u00e7\u00e3o do Banco do Brasil, no entanto, incomodou a ala pol\u00edtica do Pal\u00e1cio do Planalto e o presidente Jair Bolsonaro, que, agora, se diz surpreso e <a href=\"https:\/\/blogs.correiobraziliense.com.br\/vicente\/planalto-da-inicio-a-fritura-do-presidente-do-banco-do-brasil\/\">amea\u00e7a demitir o presidente do BB, Andr\u00e9 Brand\u00e3o<\/a>.<\/p>\n<p>&nbsp;<\/p>\n<p>&#8220;Sab\u00edamos que, quando a reestrutura\u00e7\u00e3o fosse anunciada, haveria rea\u00e7\u00f5es negativas tanto no campo pol\u00edtico quanto no sindical. Mas que fique claro: todas as propostas seguiram os tr\u00e2mites exigidos por lei. N\u00e3o h\u00e1 motivo para algu\u00e9m do governo se dizer surpreso&#8221;, afirma um executivo do BB.<\/p>\n<p>&nbsp;<\/p>\n<p>Para ele, ficou claro, com todas as justificativas apresentada, que o Banco do Brasil precisa passar por mudan\u00e7as profundas para se adaptar \u00e0s mudan\u00e7as pelas quais o mercado banc\u00e1rio est\u00e1 vivendo. O BB sofre muito com as amarras de ser um empresa com controle estatal. Por isso, precisa ser mais agressivo.<\/p>\n<p>&nbsp;<\/p>\n<p>A perspectiva \u00e9 de que, se nada mudar no meio do caminho, o processo de reestrutura\u00e7\u00e3o do Banco do Brasil ocorra ainda neste primeiro semestre do ano. A economia prevista somente em 2021 \u00e9 de mais de R$ 350 milh\u00f5es. O BB j\u00e1 avisou que outras medidas para a sua moderniza\u00e7\u00e3o est\u00e3o a caminho.<\/p>\n<p>&nbsp;<\/p>\n<p><em>Bras\u00edlia, 17h01min<\/em><\/p>\n","protected":false},"excerpt":{"rendered":"<p>Al\u00e9m do ministro da Economia, Paulo Guedes, integrantes do alto escal\u00e3o do Pal\u00e1cio do Planalto tiveram acesso ao projeto de reestrutura\u00e7\u00e3o do Banco do Brasil, que prev\u00ea a demiss\u00e3o volunt\u00e1ria de 5 mil empregados e o fechamento de 361 pontos de atendimento. N\u00e3o foi a surpresa, portanto, para ningu\u00e9m do governo, o enxugamento pelo qual [&hellip;]<\/p>\n","protected":false},"author":22,"featured_media":15307,"comment_status":"open","ping_status":"closed","sticky":false,"template":"","format":"standard","meta":{"footnotes":""},"categories":[600],"tags":[589,4943,5145,2526,2787],"class_list":["post-17148","post","type-post","status-publish","format-standard","has-post-thumbnail","hentry","category-economia","tag-economia","tag-financas","tag-planalto-teve-acesso-antecipado-a-informacoes-sobre-demissoes-e-fechamento-de-agencias-do-bb","tag-poder","tag-politica"],"_links":{"self":[{"href":"https:\/\/blogs.correiobraziliense.com.br\/vicente\/wp-json\/wp\/v2\/posts\/17148","targetHints":{"allow":["GET"]}}],"collection":[{"href":"https:\/\/blogs.correiobraziliense.com.br\/vicente\/wp-json\/wp\/v2\/posts"}],"about":[{"href":"https:\/\/blogs.correiobraziliense.com.br\/vicente\/wp-json\/wp\/v2\/types\/post"}],"author":[{"embeddable":true,"href":"https:\/\/blogs.correiobraziliense.com.br\/vicente\/wp-json\/wp\/v2\/users\/22"}],"replies":[{"embeddable":true,"href":"https:\/\/blogs.correiobraziliense.com.br\/vicente\/wp-json\/wp\/v2\/comments?post=17148"}],"version-history":[{"count":1,"href":"https:\/\/blogs.correiobraziliense.com.br\/vicente\/wp-json\/wp\/v2\/posts\/17148\/revisions"}],"predecessor-version":[{"id":17149,"href":"https:\/\/blogs.correiobraziliense.com.br\/vicente\/wp-json\/wp\/v2\/posts\/17148\/revisions\/17149"}],"wp:featuredmedia":[{"embeddable":true,"href":"https:\/\/blogs.correiobraziliense.com.br\/vicente\/wp-json\/wp\/v2\/media\/15307"}],"wp:attachment":[{"href":"https:\/\/blogs.correiobraziliense.com.br\/vicente\/wp-json\/wp\/v2\/media?parent=17148"}],"wp:term":[{"taxonomy":"category","embeddable":true,"href":"https:\/\/blogs.correiobraziliense.com.br\/vicente\/wp-json\/wp\/v2\/categories?post=17148"},{"taxonomy":"post_tag","embeddable":true,"href":"https:\/\/blogs.correiobraziliense.com.br\/vicente\/wp-json\/wp\/v2\/tags?post=17148"}],"curies":[{"name":"wp","href":"https:\/\/api.w.org\/{rel}","templated":true}]}}