{"id":17146,"date":"2021-01-13T16:01:49","date_gmt":"2021-01-13T19:01:49","guid":{"rendered":"https:\/\/blogs.correiobraziliense.com.br\/vicente\/?p=17146"},"modified":"2021-01-13T17:05:34","modified_gmt":"2021-01-13T20:05:34","slug":"paulo-guedes-deu-aval-a-demissoes-e-fechamento-de-agencias-do-banco-do-brasil","status":"publish","type":"post","link":"https:\/\/blogs.correiobraziliense.com.br\/vicente\/paulo-guedes-deu-aval-a-demissoes-e-fechamento-de-agencias-do-banco-do-brasil\/","title":{"rendered":"Paulo Guedes deu aval a demiss\u00f5es e fechamento de ag\u00eancias do Banco do Brasil"},"content":{"rendered":"<h2>Amea\u00e7ado de demiss\u00e3o pelo presidente Jair Bolsonaro, o presidente do Banco do Brasil, Andr\u00e9 Brand\u00e3o, negociou toda reestrutura\u00e7\u00e3o da institui\u00e7\u00e3o com o ministro da Economia, Paulo Guedes. O processo, que prev\u00ea o desligamento volunt\u00e1rio de 5 mil funcion\u00e1rios e o fechamento de 361 pontos de atendimento, s\u00f3 andou depois do aval do chefe da equipe econ\u00f4mica.<\/h2>\n<p>&nbsp;<\/p>\n<p>O Banco do Brasil s\u00f3 tornou p\u00fablico o processo de reestrutura\u00e7\u00e3o depois de submeter todas as medidas ao crivo da\u00a0Secretaria de Coordena\u00e7\u00e3o e Governan\u00e7a das Empresas Estatais (Sest), chefiada por\u00a0Amaro Luiz de Oliveira Gomes. O \u00f3rg\u00e3o faz parte do guarda-chuva do Minist\u00e9rio da Economia.<\/p>\n<p>&nbsp;<\/p>\n<p>&#8220;Nada do que foi anunciado pelo Banco do Brasil seria poss\u00edvel se n\u00e3o tivesse o aval do ministro Paulo Guedes&#8221;, diz um executivo da institui\u00e7\u00e3o. &#8220;Todos os argumentos para a reestrutura\u00e7\u00e3o do banco foram apresentados e aceitos pela Sest. Ou seja, n\u00e3o h\u00e1 porque falar em surpresas dentro do governo&#8221;, ressalta.<\/p>\n<p>&nbsp;<\/p>\n<p>Para os executivos do Banco do Brasil, a reestrutura\u00e7\u00e3o e o enxugamento de despesas pela institui\u00e7\u00e3o \u00e9 vital. \u00c9 quest\u00e3o de sobreviv\u00eancia, pois o banco est\u00e1 vendo as receitas ca\u00edrem com o crescimento espetacular das institui\u00e7\u00f5es digitais. &#8220;O BB tem tudo para se dar bem, desde que a pol\u00edtica n\u00e3o atrapalhe&#8221;, frisa o mesmo executivo.<\/p>\n<p>&nbsp;<\/p>\n<p>Com a demiss\u00e3o volunt\u00e1ria de empregados e o fechamento de postos de atendimento, o Banco do Brasil espera economizar quase R$ 3 bilh\u00f5es at\u00e9 2025.<\/p>\n<p>&nbsp;<\/p>\n<p><em>Bras\u00edlia, 16h01min<\/em><\/p>\n","protected":false},"excerpt":{"rendered":"<p>Amea\u00e7ado de demiss\u00e3o pelo presidente Jair Bolsonaro, o presidente do Banco do Brasil, Andr\u00e9 Brand\u00e3o, negociou toda reestrutura\u00e7\u00e3o da institui\u00e7\u00e3o com o ministro da Economia, Paulo Guedes. O processo, que prev\u00ea o desligamento volunt\u00e1rio de 5 mil funcion\u00e1rios e o fechamento de 361 pontos de atendimento, s\u00f3 andou depois do aval do chefe da equipe [&hellip;]<\/p>\n","protected":false},"author":22,"featured_media":11442,"comment_status":"open","ping_status":"closed","sticky":false,"template":"","format":"standard","meta":{"footnotes":""},"categories":[600],"tags":[589,4943,5144,2526,2787],"class_list":["post-17146","post","type-post","status-publish","format-standard","has-post-thumbnail","hentry","category-economia","tag-economia","tag-financas","tag-paulo-guedes-deu-aval-a-demissoes-e-fechamento-de-agencias-do-banco-do-brasil","tag-poder","tag-politica"],"_links":{"self":[{"href":"https:\/\/blogs.correiobraziliense.com.br\/vicente\/wp-json\/wp\/v2\/posts\/17146","targetHints":{"allow":["GET"]}}],"collection":[{"href":"https:\/\/blogs.correiobraziliense.com.br\/vicente\/wp-json\/wp\/v2\/posts"}],"about":[{"href":"https:\/\/blogs.correiobraziliense.com.br\/vicente\/wp-json\/wp\/v2\/types\/post"}],"author":[{"embeddable":true,"href":"https:\/\/blogs.correiobraziliense.com.br\/vicente\/wp-json\/wp\/v2\/users\/22"}],"replies":[{"embeddable":true,"href":"https:\/\/blogs.correiobraziliense.com.br\/vicente\/wp-json\/wp\/v2\/comments?post=17146"}],"version-history":[{"count":1,"href":"https:\/\/blogs.correiobraziliense.com.br\/vicente\/wp-json\/wp\/v2\/posts\/17146\/revisions"}],"predecessor-version":[{"id":17147,"href":"https:\/\/blogs.correiobraziliense.com.br\/vicente\/wp-json\/wp\/v2\/posts\/17146\/revisions\/17147"}],"wp:featuredmedia":[{"embeddable":true,"href":"https:\/\/blogs.correiobraziliense.com.br\/vicente\/wp-json\/wp\/v2\/media\/11442"}],"wp:attachment":[{"href":"https:\/\/blogs.correiobraziliense.com.br\/vicente\/wp-json\/wp\/v2\/media?parent=17146"}],"wp:term":[{"taxonomy":"category","embeddable":true,"href":"https:\/\/blogs.correiobraziliense.com.br\/vicente\/wp-json\/wp\/v2\/categories?post=17146"},{"taxonomy":"post_tag","embeddable":true,"href":"https:\/\/blogs.correiobraziliense.com.br\/vicente\/wp-json\/wp\/v2\/tags?post=17146"}],"curies":[{"name":"wp","href":"https:\/\/api.w.org\/{rel}","templated":true}]}}