{"id":17127,"date":"2021-01-12T11:41:11","date_gmt":"2021-01-12T14:41:11","guid":{"rendered":"https:\/\/blogs.correiobraziliense.com.br\/vicente\/?p=17127"},"modified":"2021-01-12T21:52:57","modified_gmt":"2021-01-13T00:52:57","slug":"oleo-de-soja-foi-o-maior-vilao-da-inflacao-e-superou-o-arroz","status":"publish","type":"post","link":"https:\/\/blogs.correiobraziliense.com.br\/vicente\/oleo-de-soja-foi-o-maior-vilao-da-inflacao-e-superou-o-arroz\/","title":{"rendered":"\u00d3leo de soja foi o maior vil\u00e3o da infla\u00e7\u00e3o e superou o arroz"},"content":{"rendered":"<p>ROSANA HESSEL<\/p>\n<p>&nbsp;<\/p>\n<p>Apesar de os brasileiros passarem quase o ano de 2020 inteiro reclamando do pre\u00e7o do arroz, o \u00f3leo de soja roubou a cena e superou o rival no posto de maior vil\u00e3o da infla\u00e7\u00e3o, pois mais que dobrou de pre\u00e7o no ano passado, conforme os dados divulgados pelo Instituto Brasileiro de Geografia e Estat\u00edstica (IBGE) nesta ter\u00e7a-feira (12\/01).<\/p>\n<p>&nbsp;<\/p>\n<p>No acumulado de janeiro a dezembro, o \u00f3leo de soja registrou alta de 103,79% em 2020. O segundo lugar do p\u00f3dio da carestia ficou com o arroz, cujos pre\u00e7os subiram 76,01% no acumulado do ano. A batata inglesa ficou em terceiro lugar, com 67,27% de alta. O tomate, vil\u00e3o de infla\u00e7\u00f5es passadas, apresentou queda de 13,5% em dezembro, registrou valoriza\u00e7\u00e3o nos pre\u00e7os de 52,76% em 2020. As frutas, que apresentaram a maior alta entre os alimentos no m\u00eas passado, de\u00a06,73%, acumularam valoriza\u00e7\u00e3o no ano de 25,4%.<\/p>\n<p>&nbsp;<\/p>\n<p>De acordo com o economista Andr\u00e9 Braz, do Instituto Brasileiro de Economia da Funda\u00e7\u00e3o Getulio Vargas (FGV Ibre), a forte alta do \u00f3leo de soja reflete a valoriza\u00e7\u00e3o do pre\u00e7o da soja desde maio de 2020, de 63%, em d\u00f3lares. &#8220;O pre\u00e7o das commodities est\u00e1 em alta devido \u00e0 demanda aquecida j\u00e1 que a vacina\u00e7\u00e3o l\u00e1 fora est\u00e1 avan\u00e7ando e isso ajuda na retomada da economia. Com o real desvalorizado devido \u00e0 desconfian\u00e7a, principalmente, isso \u00e9 bom para as exporta\u00e7\u00f5es, mas \u00e9 ruim para o mercado interno, porque reduz a oferta do produto e pressiona a infla\u00e7\u00e3o&#8221;, explicou.<\/p>\n<p>&nbsp;<\/p>\n<p>O forte aumento dos pre\u00e7os dos alimentos foi o principal fator para que o<a href=\"https:\/\/blogs.correiobraziliense.com.br\/vicente\/ipca-acelera-135-em-dezembro-acumulando-alta-de-452-em-2020\/\">\u00a0\u00cdndice de Pre\u00e7os ao Consumidor Amplo (IPCA), surpreendesse o mercado em 2020 com a alta de 1,35% em dezembro<\/a>, quando as previs\u00f5es estavam em 1,21%. A taxa do IPCA de dezembro foi a maior para o m\u00eas desde 2002. No acumulado de janeiro a dezembro, o grupo de alimentos e bebidas apresentou alta de 14,09%, liderando os aumentos no ano, segundo o IBGE.<\/p>\n<p>&nbsp;<\/p>\n<p>No acumulado do ano, o IPCA subiu\u00a04,52% e ficou acima do centro da meta do Conselho Monet\u00e1rio Nacional (CMN), de 4%, mas dentro do intervalo de toler\u00e2ncia de at\u00e9 5,5%.<\/p>\n<p>&nbsp;<\/p>\n<p><span style=\"font-weight: 400\">O \u00edndice de difus\u00e3o da infla\u00e7\u00e3o voltou a subir, o que preocupa o mercado, passando de 67% para 72%, maior patamar registrado no ano, o que preocupa analistas do mercado, pois mostra que as press\u00f5es sobre o custo de vida devem persistir no IPCA por um per\u00edodo mais longo do que o esperado. Vale lembrar que, em janeiro de 2020, esse indicador estava em 55%. <\/span><\/p>\n<p>&nbsp;<\/p>\n<p><span style=\"font-weight: 400\">Analistas devem come\u00e7ar a mudar as proje\u00e7\u00f5es para o IPCA de 2021, de 3,2%, e passam a prever aumento na taxa b\u00e1sica de juros (Selic) ainda no primeiro semestre deste ano. Atualmente, a Selic est\u00e1 em 2% ao ano, menor patamar da hist\u00f3ria. Andr\u00e9 Perfeito, da Necton Investimentos, por exemplo, prev\u00ea Selic encerrando o ano a 4%.<\/span><\/p>\n<p>&nbsp;<\/p>\n","protected":false},"excerpt":{"rendered":"<p>ROSANA HESSEL &nbsp; Apesar de os brasileiros passarem quase o ano de 2020 inteiro reclamando do pre\u00e7o do arroz, o \u00f3leo de soja roubou a cena e superou o rival no posto de maior vil\u00e3o da infla\u00e7\u00e3o, pois mais que dobrou de pre\u00e7o no ano passado, conforme os dados divulgados pelo Instituto Brasileiro de Geografia [&hellip;]<\/p>\n","protected":false},"author":22,"featured_media":17128,"comment_status":"open","ping_status":"closed","sticky":false,"template":"","format":"standard","meta":{"footnotes":""},"categories":[600],"tags":[213,391,14,1213,5142,390,3778,5141],"class_list":["post-17127","post","type-post","status-publish","format-standard","has-post-thumbnail","hentry","category-economia","tag-arroz","tag-ibge","tag-inflacao","tag-ipca","tag-oleo-de-soja","tag-precos","tag-tomate","tag-vilao"],"_links":{"self":[{"href":"https:\/\/blogs.correiobraziliense.com.br\/vicente\/wp-json\/wp\/v2\/posts\/17127","targetHints":{"allow":["GET"]}}],"collection":[{"href":"https:\/\/blogs.correiobraziliense.com.br\/vicente\/wp-json\/wp\/v2\/posts"}],"about":[{"href":"https:\/\/blogs.correiobraziliense.com.br\/vicente\/wp-json\/wp\/v2\/types\/post"}],"author":[{"embeddable":true,"href":"https:\/\/blogs.correiobraziliense.com.br\/vicente\/wp-json\/wp\/v2\/users\/22"}],"replies":[{"embeddable":true,"href":"https:\/\/blogs.correiobraziliense.com.br\/vicente\/wp-json\/wp\/v2\/comments?post=17127"}],"version-history":[{"count":8,"href":"https:\/\/blogs.correiobraziliense.com.br\/vicente\/wp-json\/wp\/v2\/posts\/17127\/revisions"}],"predecessor-version":[{"id":17143,"href":"https:\/\/blogs.correiobraziliense.com.br\/vicente\/wp-json\/wp\/v2\/posts\/17127\/revisions\/17143"}],"wp:featuredmedia":[{"embeddable":true,"href":"https:\/\/blogs.correiobraziliense.com.br\/vicente\/wp-json\/wp\/v2\/media\/17128"}],"wp:attachment":[{"href":"https:\/\/blogs.correiobraziliense.com.br\/vicente\/wp-json\/wp\/v2\/media?parent=17127"}],"wp:term":[{"taxonomy":"category","embeddable":true,"href":"https:\/\/blogs.correiobraziliense.com.br\/vicente\/wp-json\/wp\/v2\/categories?post=17127"},{"taxonomy":"post_tag","embeddable":true,"href":"https:\/\/blogs.correiobraziliense.com.br\/vicente\/wp-json\/wp\/v2\/tags?post=17127"}],"curies":[{"name":"wp","href":"https:\/\/api.w.org\/{rel}","templated":true}]}}