{"id":17116,"date":"2021-01-12T09:48:08","date_gmt":"2021-01-12T12:48:08","guid":{"rendered":"https:\/\/blogs.correiobraziliense.com.br\/vicente\/?p=17116"},"modified":"2021-01-12T18:40:39","modified_gmt":"2021-01-12T21:40:39","slug":"ipca-acelera-135-em-dezembro-acumulando-alta-de-452-em-2020","status":"publish","type":"post","link":"https:\/\/blogs.correiobraziliense.com.br\/vicente\/ipca-acelera-135-em-dezembro-acumulando-alta-de-452-em-2020\/","title":{"rendered":"IPCA acelera 1,35%, em dezembro, acumulando alta de 4,52% em 2020"},"content":{"rendered":"<h2>ROSANA HESSEL<\/h2>\n<h2><\/h2>\n<h2>O \u00cdndice de Pre\u00e7os ao Consumidor Amplo (IPCA), que mede a infla\u00e7\u00e3o oficial, encerrou 2020 com alta de 4,52%, a maior taxa anual desde 2016 e acima do centro da meta determinada pelo Conselho Monet\u00e1rio Nacional (CMN), de 4%.<\/h2>\n<h2><\/h2>\n<p>Esse resultado ficou acima das previs\u00f5es do mercado, cujo teto das previs\u00f5es era de 4,50%, e ocorreu ap\u00f3s o avan\u00e7o de 1,35% no IPCA de dezembro. O dado indicou acelera\u00e7\u00e3o de 0,46 ponto percentual sobre a taxa de 0,89% de novembro, conforme dados divulgados, nesta ter\u00e7a-feira (12\/01), pelo Instituto Brasileiro de Geografia e Estat\u00edstica (IBGE). Foi a maior varia\u00e7\u00e3o mensal do indicador desde fevereiro de 2003 (1,57%) e o maior \u00edndice para o m\u00eas de dezembro desde 2002, quando subiu 2,10%. Em dezembro de 2019, a alta do IPCA foi de 1,15%.<\/p>\n<p>&nbsp;<\/p>\n<p>De acordo com dados do IBGE, todos os grupos pesquisados tiveram alta em dezembro, com destaque para o grupo Habita\u00e7\u00e3o teve o maior impacto mensal, de 0,45 ponto percentual, ap\u00f3s e alta de 2,88% no m\u00eas de dezembro.\u00a0 O grupo Alimenta\u00e7\u00e3o e Bebidas, que subiu 1,74%, em dezembro, registrou alta de 14,09% no ano, a maior varia\u00e7\u00e3o acumulada desde 2020 (19,47%), resultou em um impacto de 2,73% no IPCA de 2020.\u00a0 Em dezembro, a alta ficou em 1,74%, impactando em 0,36% ponto percentual no IPCA,, de 2,73 ponto percentual sobre o IPCA acumulado do ano, encerrando 2020 com a maior varia\u00e7\u00e3o acumulada no ano desde dezembro de 2002 (19,47%).<\/p>\n<p>&nbsp;<\/p>\n<p>A acelera\u00e7\u00e3o do grupo Habita\u00e7\u00e3o em dezembro foi puxada pela alta de 9,34% no item energia el\u00e9trica, conforme dados do IBGE, que destacou a volta da bandeira vermelha e o fim do per\u00edodo de 10 meses consecutivos de vig\u00eancia da bandeira tarif\u00e1ria verde (sem cobran\u00e7a adicional na conta de luz).<\/p>\n<p>&nbsp;<\/p>\n<p>A alta de 1,74% do\u00a0grupo Alimenta\u00e7\u00e3o e bebidas apresentou desacelera\u00e7\u00e3o frente ao m\u00eas anterior, quando a alta foi de 2,54%. A principal alta de pre\u00e7os ficou as frutas, que tiveram taxas passando de 2,20% para 6,73%, entre novembro e dezembro. A\u00a0queda nos pre\u00e7os do tomate (-13,46%) e as altas menos intensas nos pre\u00e7os das carnes (3,58%), do arroz (3,84%) e do \u00f3leo de soja (4,99%), cujas varia\u00e7\u00f5es em novembro haviam sido de 6,54%, 6,28% e 9,24%, respectivamente, contribu\u00edram para a desacelera\u00e7\u00e3o desse grupo.<\/p>\n<p>&nbsp;<\/p>\n<p>Os alimentos para consumo no domic\u00edlio, subgrupo de todos esses produtos, ficaram 2,12% mais caros em dezembro.\u00a0J\u00e1 a alimenta\u00e7\u00e3o fora do domic\u00edlio (0,77%) apresentou varia\u00e7\u00e3o maior que a do m\u00eas anterior (0,57%), com destaque para a refei\u00e7\u00e3o (0,74%) e o lanche (0,89%).<\/p>\n<p>&nbsp;<\/p>\n<p>No grupo de Transportes, com alta de 1,36%, o maior impacto (0,12 ponto percentual) veio das passagens a\u00e9reas, que apresentaram alta dos pre\u00e7os de 28,05%.\u00a0Os Artigos de resid\u00eancia (1,76%) tiveram a segunda maior varia\u00e7\u00e3o entre os nove grupos pesquisados, acelerando na compara\u00e7\u00e3o com novembro (0,86%).<\/p>\n<p>&nbsp;<\/p>\n<p>Para o economista-chefe da Necton Investimentos, Andr\u00e9 Perfeito, o resultado do IPCA surpreendeu o mercado e &#8220;sugere alta da Selic (taxa b\u00e1sica de juros) em breve&#8221;. Ele aposta em retomada do ciclo de alta dos juros, entre o primeiro e o segundo trimestre , com a Selic encerrando o ano em, pelo menos, 4%.<\/p>\n","protected":false},"excerpt":{"rendered":"<p>ROSANA HESSEL O \u00cdndice de Pre\u00e7os ao Consumidor Amplo (IPCA), que mede a infla\u00e7\u00e3o oficial, encerrou 2020 com alta de 4,52%, a maior taxa anual desde 2016 e acima do centro da meta determinada pelo Conselho Monet\u00e1rio Nacional (CMN), de 4%. Esse resultado ficou acima das previs\u00f5es do mercado, cujo teto das previs\u00f5es era de [&hellip;]<\/p>\n","protected":false},"author":22,"featured_media":15703,"comment_status":"open","ping_status":"closed","sticky":false,"template":"","format":"standard","meta":{"footnotes":""},"categories":[600],"tags":[211,589,391,14,1213],"class_list":["post-17116","post","type-post","status-publish","format-standard","has-post-thumbnail","hentry","category-economia","tag-carestia","tag-economia","tag-ibge","tag-inflacao","tag-ipca"],"_links":{"self":[{"href":"https:\/\/blogs.correiobraziliense.com.br\/vicente\/wp-json\/wp\/v2\/posts\/17116","targetHints":{"allow":["GET"]}}],"collection":[{"href":"https:\/\/blogs.correiobraziliense.com.br\/vicente\/wp-json\/wp\/v2\/posts"}],"about":[{"href":"https:\/\/blogs.correiobraziliense.com.br\/vicente\/wp-json\/wp\/v2\/types\/post"}],"author":[{"embeddable":true,"href":"https:\/\/blogs.correiobraziliense.com.br\/vicente\/wp-json\/wp\/v2\/users\/22"}],"replies":[{"embeddable":true,"href":"https:\/\/blogs.correiobraziliense.com.br\/vicente\/wp-json\/wp\/v2\/comments?post=17116"}],"version-history":[{"count":6,"href":"https:\/\/blogs.correiobraziliense.com.br\/vicente\/wp-json\/wp\/v2\/posts\/17116\/revisions"}],"predecessor-version":[{"id":17138,"href":"https:\/\/blogs.correiobraziliense.com.br\/vicente\/wp-json\/wp\/v2\/posts\/17116\/revisions\/17138"}],"wp:featuredmedia":[{"embeddable":true,"href":"https:\/\/blogs.correiobraziliense.com.br\/vicente\/wp-json\/wp\/v2\/media\/15703"}],"wp:attachment":[{"href":"https:\/\/blogs.correiobraziliense.com.br\/vicente\/wp-json\/wp\/v2\/media?parent=17116"}],"wp:term":[{"taxonomy":"category","embeddable":true,"href":"https:\/\/blogs.correiobraziliense.com.br\/vicente\/wp-json\/wp\/v2\/categories?post=17116"},{"taxonomy":"post_tag","embeddable":true,"href":"https:\/\/blogs.correiobraziliense.com.br\/vicente\/wp-json\/wp\/v2\/tags?post=17116"}],"curies":[{"name":"wp","href":"https:\/\/api.w.org\/{rel}","templated":true}]}}