{"id":17077,"date":"2021-01-11T10:47:09","date_gmt":"2021-01-11T13:47:09","guid":{"rendered":"https:\/\/blogs.correiobraziliense.com.br\/vicente\/?p=17077"},"modified":"2021-01-11T10:47:09","modified_gmt":"2021-01-11T13:47:09","slug":"vendas-no-natal-caem-103-maior-queda-da-historia-diz-serasa","status":"publish","type":"post","link":"https:\/\/blogs.correiobraziliense.com.br\/vicente\/vendas-no-natal-caem-103-maior-queda-da-historia-diz-serasa\/","title":{"rendered":"Vendas no Natal caem 10,3%, maior queda da hist\u00f3ria, diz Serasa"},"content":{"rendered":"<p><span style=\"font-weight: 400\">Apesar de os indicadores do com\u00e9rcio indicarem uma recupera\u00e7\u00e3o ao patamar pr\u00e9-crise provocada pela pandemia de covid-19, o Natal de 2020 foi o pior da hist\u00f3ria, de acordo com dados da Serasa Experian divulgados nesta segunda-feira (11\/01). As vendas do com\u00e9rcio nacional desabaram 10,3% na semana das festas natalinas, no comparativo entre os dias 18 e 24 de dezembro de 2019. \u00c9 o pior desempenho j\u00e1 registrado da s\u00e9rie hist\u00f3rica, iniciada em 2003<\/span><span style=\"font-weight: 400\">.<\/span><\/p>\n<p>&nbsp;<\/p>\n<p><span style=\"font-weight: 400\">A Serasa Experian informou que os dados\u00a0 fazem os dados do Indicador de Atividade do Com\u00e9rcio \u2013 Natal. A entidade destacou ainda que, na an\u00e1lise \u00faltimo fim de semana antes do Natal, entre 18 e 20 de dezembro de 2020, as vendas encolheram 5,6%, na compara\u00e7\u00e3o com os dias 20 a 22 do mesmo m\u00eas do ano anterior. <\/span><\/p>\n<p>&nbsp;<\/p>\n<p><span style=\"font-weight: 400\">O surgimento de uma segunda onda de contamina\u00e7\u00e3o de covid-19, que aqui no Brasil se intensificou a partir da segunda metade de novembro, avan\u00e7ando por todo o m\u00eas de dezembro, afugentou o consumidor das lojas, na avalia\u00e7\u00e3o da entidade em comunicado. &#8220;Al\u00e9m disto, parte das vendas de Natal acabaram sendo antecipadas pela Black Friday, as quais tiveram um desempenho razo\u00e1vel em 2020 (alta de 6,1%)&#8221;, acrescentou a nota.<\/span><\/p>\n<p>&nbsp;<\/p>\n<p><span style=\"font-weight: 400\">Os n\u00fameros de S\u00e3o Paulo mostram ainda que o tombo na semana do Natal foi de 7,8%, enquanto no fim de semana, a queda foi de 1%.<\/span><\/p>\n<p>&nbsp;<\/p>\n<p>&nbsp;<\/p>\n","protected":false},"excerpt":{"rendered":"<p>Apesar de os indicadores do com\u00e9rcio indicarem uma recupera\u00e7\u00e3o ao patamar pr\u00e9-crise provocada pela pandemia de covid-19, o Natal de 2020 foi o pior da hist\u00f3ria, de acordo com dados da Serasa Experian divulgados nesta segunda-feira (11\/01). As vendas do com\u00e9rcio nacional desabaram 10,3% na semana das festas natalinas, no comparativo entre os dias 18 [&hellip;]<\/p>\n","protected":false},"author":22,"featured_media":13023,"comment_status":"open","ping_status":"closed","sticky":false,"template":"","format":"standard","meta":{"footnotes":""},"categories":[600],"tags":[334,4328,465,4993,3929],"class_list":["post-17077","post","type-post","status-publish","format-standard","has-post-thumbnail","hentry","category-economia","tag-comercio","tag-natal","tag-pesquisa","tag-serasa-experian","tag-vendas"],"_links":{"self":[{"href":"https:\/\/blogs.correiobraziliense.com.br\/vicente\/wp-json\/wp\/v2\/posts\/17077","targetHints":{"allow":["GET"]}}],"collection":[{"href":"https:\/\/blogs.correiobraziliense.com.br\/vicente\/wp-json\/wp\/v2\/posts"}],"about":[{"href":"https:\/\/blogs.correiobraziliense.com.br\/vicente\/wp-json\/wp\/v2\/types\/post"}],"author":[{"embeddable":true,"href":"https:\/\/blogs.correiobraziliense.com.br\/vicente\/wp-json\/wp\/v2\/users\/22"}],"replies":[{"embeddable":true,"href":"https:\/\/blogs.correiobraziliense.com.br\/vicente\/wp-json\/wp\/v2\/comments?post=17077"}],"version-history":[{"count":1,"href":"https:\/\/blogs.correiobraziliense.com.br\/vicente\/wp-json\/wp\/v2\/posts\/17077\/revisions"}],"predecessor-version":[{"id":17078,"href":"https:\/\/blogs.correiobraziliense.com.br\/vicente\/wp-json\/wp\/v2\/posts\/17077\/revisions\/17078"}],"wp:featuredmedia":[{"embeddable":true,"href":"https:\/\/blogs.correiobraziliense.com.br\/vicente\/wp-json\/wp\/v2\/media\/13023"}],"wp:attachment":[{"href":"https:\/\/blogs.correiobraziliense.com.br\/vicente\/wp-json\/wp\/v2\/media?parent=17077"}],"wp:term":[{"taxonomy":"category","embeddable":true,"href":"https:\/\/blogs.correiobraziliense.com.br\/vicente\/wp-json\/wp\/v2\/categories?post=17077"},{"taxonomy":"post_tag","embeddable":true,"href":"https:\/\/blogs.correiobraziliense.com.br\/vicente\/wp-json\/wp\/v2\/tags?post=17077"}],"curies":[{"name":"wp","href":"https:\/\/api.w.org\/{rel}","templated":true}]}}