{"id":17062,"date":"2021-01-07T18:51:30","date_gmt":"2021-01-07T21:51:30","guid":{"rendered":"https:\/\/blogs.correiobraziliense.com.br\/vicente\/?p=17062"},"modified":"2021-01-07T19:42:03","modified_gmt":"2021-01-07T22:42:03","slug":"para-militares-ataque-ao-congresso-dos-eua-foi-terrivel-e-pode-se-repetir-no-brasil","status":"publish","type":"post","link":"https:\/\/blogs.correiobraziliense.com.br\/vicente\/para-militares-ataque-ao-congresso-dos-eua-foi-terrivel-e-pode-se-repetir-no-brasil\/","title":{"rendered":"Para militares, ataque ao Congresso dos EUA foi terr\u00edvel e pode se repetir no Brasil"},"content":{"rendered":"<h2>Militares de alta patente, de dentro e de fora do governo, consideraram &#8220;terr\u00edvel&#8221; o ataque ao Congresso dos Estados Unidos por defensores do presidente Donald Trump. Eles n\u00e3o escondem o temor de fatos semelhantes ocorrerem no Brasil, dado o radicalismo que se v\u00ea hoje no pa\u00eds.<\/h2>\n<p>&nbsp;<\/p>\n<p>Para os fardados, fez muito bem o Congresso norte-americano em ter retomado os trabalho e reconhecido a vit\u00f3ria do democrata Joe Biden, que superou Trump nas urnas e no col\u00e9gio eleitoral nas elei\u00e7\u00f5es realizadas em novembro de 2020. &#8220;Foi um sinal muito importante para a democracia daquele pa\u00eds&#8221;, diz um general.<\/p>\n<p>&nbsp;<\/p>\n<p>No entender dos militares, ao referendar Biden, o Congresso dos EUA mostrou que n\u00e3o compactuar\u00e1 com a viol\u00eancia que chocou o mundo e deixou quatro pessoas mortas. Trump, para os fardados, sair\u00e1 pelas portas dos fundos. &#8220;Simplesmente, Trump ultrapassou todos os limites&#8221;, acrescentou um almirante.<\/p>\n<p>&nbsp;<\/p>\n<p>Todos reconhecem a forte liga\u00e7\u00e3o do presidente Jair Bolsonaro com Trump. E ressaltam o hist\u00f3rico de &#8220;balburdia pol\u00edtica&#8221; no Brasil, a mais recente, em 2013, governo de Dilma Rousseff. Houve uma tentativa de invas\u00e3o do Congresso, contida a tempo. &#8220;Nos EUA, infelizmente, apesar de todos os avisos, o Congresso n\u00e3o preparou sua seguran\u00e7a para conter a invas\u00e3o&#8221;, diz o mesmo almirante.<\/p>\n<p>&nbsp;<\/p>\n<p><strong>Sociedade imatura e mais jovem<\/strong><\/p>\n<p>&nbsp;<\/p>\n<p>Os militares tra\u00e7am um paralelo entre as democracias dos Estados Unidos, exemplo para o mundo, e do Brasil, ainda bastante jovem. Portanto, para eles, \u00e9 sempre importante ficar atento a todos os movimentos a fim de se evitar atos extremos. &#8220;O que temos de ressaltar \u00e9 que a nossa sociedade \u00e9 mais jovem e imatura do que a norte-americana&#8221;, destaca um integrante da Aeron\u00e1utica.<\/p>\n<p>&nbsp;<\/p>\n<p>O problema se agrava porque Bolsonaro diz que todos devem se preparar para, em 2022, ver cenas ainda mais violentas do que as registradas nos Estados Unidos caso ele n\u00e3o seja reeleito. Para o presidente, se n\u00e3o houver votos impressos, as fraudes eleitorais estar\u00e3o consolidadas.<\/p>\n<p>&nbsp;<\/p>\n<p>Na vis\u00e3o dos militares, o debate pol\u00edtico \u00e9 saud\u00e1vel, mas sem radicalismos de direita e de esquerda. &#8220;O contraponto e a diversidade de opini\u00e3o devem existir para que o somat\u00f3rio traga melhor resultado. Nada feito com viol\u00eancia traz resultados construtivos e positivos&#8221;, diz o mesmo integrante da Aeron\u00e1utica. &#8220;A guerra tem de ser de ideias e de propostas, e todas t\u00eam de ser aceitas.&#8221;<\/p>\n<p>&nbsp;<\/p>\n<p>Um dos militares consultados pelo <strong>Blog<\/strong> lembra o que disse o general Villas-B\u00f4as, comandante do Ex\u00e9rcito nos governos Dilma e Temer: &#8220;Independentemente do governo, sempre haver\u00e1 For\u00e7as Armadas para defenderem o Brasil&#8221;. Mais: isso passa por &#8220;legalidade, legitimidade e credibilidade&#8221;.<\/p>\n<p>&nbsp;<\/p>\n<p><em>Bras\u00edlia, 18h51min<\/em><\/p>\n","protected":false},"excerpt":{"rendered":"<p>Militares de alta patente, de dentro e de fora do governo, consideraram &#8220;terr\u00edvel&#8221; o ataque ao Congresso dos Estados Unidos por defensores do presidente Donald Trump. Eles n\u00e3o escondem o temor de fatos semelhantes ocorrerem no Brasil, dado o radicalismo que se v\u00ea hoje no pa\u00eds. &nbsp; Para os fardados, fez muito bem o Congresso [&hellip;]<\/p>\n","protected":false},"author":22,"featured_media":14408,"comment_status":"open","ping_status":"closed","sticky":false,"template":"","format":"standard","meta":{"footnotes":""},"categories":[600],"tags":[5128,378,5043,2526,2787],"class_list":["post-17062","post","type-post","status-publish","format-standard","has-post-thumbnail","hentry","category-economia","tag-ataque-ao-congresso-dos-eua-foi-terrivel-e-pode-se-repetir-no-brasil","tag-brasil","tag-para-militares","tag-poder","tag-politica"],"_links":{"self":[{"href":"https:\/\/blogs.correiobraziliense.com.br\/vicente\/wp-json\/wp\/v2\/posts\/17062","targetHints":{"allow":["GET"]}}],"collection":[{"href":"https:\/\/blogs.correiobraziliense.com.br\/vicente\/wp-json\/wp\/v2\/posts"}],"about":[{"href":"https:\/\/blogs.correiobraziliense.com.br\/vicente\/wp-json\/wp\/v2\/types\/post"}],"author":[{"embeddable":true,"href":"https:\/\/blogs.correiobraziliense.com.br\/vicente\/wp-json\/wp\/v2\/users\/22"}],"replies":[{"embeddable":true,"href":"https:\/\/blogs.correiobraziliense.com.br\/vicente\/wp-json\/wp\/v2\/comments?post=17062"}],"version-history":[{"count":3,"href":"https:\/\/blogs.correiobraziliense.com.br\/vicente\/wp-json\/wp\/v2\/posts\/17062\/revisions"}],"predecessor-version":[{"id":17065,"href":"https:\/\/blogs.correiobraziliense.com.br\/vicente\/wp-json\/wp\/v2\/posts\/17062\/revisions\/17065"}],"wp:featuredmedia":[{"embeddable":true,"href":"https:\/\/blogs.correiobraziliense.com.br\/vicente\/wp-json\/wp\/v2\/media\/14408"}],"wp:attachment":[{"href":"https:\/\/blogs.correiobraziliense.com.br\/vicente\/wp-json\/wp\/v2\/media?parent=17062"}],"wp:term":[{"taxonomy":"category","embeddable":true,"href":"https:\/\/blogs.correiobraziliense.com.br\/vicente\/wp-json\/wp\/v2\/categories?post=17062"},{"taxonomy":"post_tag","embeddable":true,"href":"https:\/\/blogs.correiobraziliense.com.br\/vicente\/wp-json\/wp\/v2\/tags?post=17062"}],"curies":[{"name":"wp","href":"https:\/\/api.w.org\/{rel}","templated":true}]}}