{"id":1706,"date":"2016-06-28T08:45:16","date_gmt":"2016-06-28T11:45:16","guid":{"rendered":"https:\/\/blogs.correiobraziliense.com.br\/vicente\/?p=1706"},"modified":"2016-07-08T10:08:12","modified_gmt":"2016-07-08T13:08:12","slug":"relatorio-de-inflacao-abre-espaco-para-queda-dos-juros-ainda-neste-ano","status":"publish","type":"post","link":"https:\/\/blogs.correiobraziliense.com.br\/vicente\/relatorio-de-inflacao-abre-espaco-para-queda-dos-juros-ainda-neste-ano\/","title":{"rendered":"Relat\u00f3rio de infla\u00e7\u00e3o abre espa\u00e7o para queda dos juros ainda neste ano"},"content":{"rendered":"<p>Para alegria do Pal\u00e1cio do Planalto, o Banco Central abriu espa\u00e7o para a queda da taxa b\u00e1sica de juros (Selic) ainda neste ano. Segundo o relat\u00f3rio trimestral de infla\u00e7\u00e3o divulgado hoje, a autoridade monet\u00e1ria v\u00ea a infla\u00e7\u00e3o praticamente no centro da meta, de 4,5%, no fim de 2017.<\/p>\n<p>&nbsp;<\/p>\n<p>Pelas proje\u00e7\u00f5es do BC, a infla\u00e7\u00e3o deste ano ser\u00e1 de 6,9%, estourando pelo segundo ano consecutivo o teto da meta. Para 2017, o BC projeta custo de vida de 4,7%. De acordo com a autoridade monet\u00e1ria, no segundo trimestre de 2018, o \u00cdndice de Pre\u00e7os ao Consumidor Amplo (IPCA) estar\u00e1 em 4,2%.\u00a0Para chegar a esses n\u00fameros, O BC levou em considera\u00e7\u00e3o d\u00f3lar a R$ 3,45 e taxa Selic de 14,25% ao ano at\u00e9 a primeira metade de 2018.<\/p>\n<p>&nbsp;<\/p>\n<p>Apesar desse quadro mais favor\u00e1vel para a infla\u00e7\u00e3o, o presidente do BC, Ilan Goldfajn, deve manter um discurso duro para esfriar a ansiedade dos agentes econ\u00f4micos em rela\u00e7\u00e3o \u00e0 queda dos juros. O al\u00edvio monet\u00e1rio, segundo ele, s\u00f3 vir\u00e1 quando houver seguran\u00e7a em rela\u00e7\u00e3o ao controle do custo de vida. Ilan deixar\u00e1 essa posi\u00e7\u00e3o bem clara na entrevista que conceder\u00e1 hoje.<\/p>\n<p>&nbsp;<\/p>\n<p>No mercado, a rea\u00e7\u00e3o foi de surpresa em rela\u00e7\u00e3o ao discurso duro do BC sobre a resist\u00eancia da infla\u00e7\u00e3o. Com isso, os analistas praticamente enterraram a possibilidade de queda da Selic em julho. Tamb\u00e9m diminu\u00edram significativamente as apostas de cortes nos juros em agosto. Agora, a probabilidade maior \u00e9 de recuo da Selic a partir de outubro.<\/p>\n<p>&nbsp;<\/p>\n<p>O BC reduziu a previs\u00e3o de queda para o Produto Interno Bruto (PIB) neste ano, de 3,5% para 3,3%. Ser\u00e1 o segundo ano consecutivo de contra\u00e7\u00e3o do pa\u00eds, o que n\u00e3o se v\u00ea desde 1930 e 1931.<\/p>\n<p>&nbsp;<\/p>\n","protected":false},"excerpt":{"rendered":"<p>Para alegria do Pal\u00e1cio do Planalto, o Banco Central abriu espa\u00e7o para a queda da taxa b\u00e1sica de juros (Selic) ainda neste ano. Segundo o relat\u00f3rio trimestral de infla\u00e7\u00e3o divulgado hoje, a autoridade monet\u00e1ria v\u00ea a infla\u00e7\u00e3o praticamente no centro da meta, de 4,5%, no fim de 2017. &nbsp; Pelas proje\u00e7\u00f5es do BC, a infla\u00e7\u00e3o [&hellip;]<\/p>\n","protected":false},"author":22,"featured_media":0,"comment_status":"open","ping_status":"closed","sticky":false,"template":"","format":"standard","meta":{"footnotes":""},"categories":[600,1],"tags":[3,107,4,471,34],"class_list":["post-1706","post","type-post","status-publish","format-standard","hentry","category-economia","category-sem-categoria","tag-banco-central","tag-ilan-goldfajn","tag-juros","tag-relatorio-trimestral-de-inflacao","tag-selic"],"_links":{"self":[{"href":"https:\/\/blogs.correiobraziliense.com.br\/vicente\/wp-json\/wp\/v2\/posts\/1706","targetHints":{"allow":["GET"]}}],"collection":[{"href":"https:\/\/blogs.correiobraziliense.com.br\/vicente\/wp-json\/wp\/v2\/posts"}],"about":[{"href":"https:\/\/blogs.correiobraziliense.com.br\/vicente\/wp-json\/wp\/v2\/types\/post"}],"author":[{"embeddable":true,"href":"https:\/\/blogs.correiobraziliense.com.br\/vicente\/wp-json\/wp\/v2\/users\/22"}],"replies":[{"embeddable":true,"href":"https:\/\/blogs.correiobraziliense.com.br\/vicente\/wp-json\/wp\/v2\/comments?post=1706"}],"version-history":[{"count":3,"href":"https:\/\/blogs.correiobraziliense.com.br\/vicente\/wp-json\/wp\/v2\/posts\/1706\/revisions"}],"predecessor-version":[{"id":1709,"href":"https:\/\/blogs.correiobraziliense.com.br\/vicente\/wp-json\/wp\/v2\/posts\/1706\/revisions\/1709"}],"wp:attachment":[{"href":"https:\/\/blogs.correiobraziliense.com.br\/vicente\/wp-json\/wp\/v2\/media?parent=1706"}],"wp:term":[{"taxonomy":"category","embeddable":true,"href":"https:\/\/blogs.correiobraziliense.com.br\/vicente\/wp-json\/wp\/v2\/categories?post=1706"},{"taxonomy":"post_tag","embeddable":true,"href":"https:\/\/blogs.correiobraziliense.com.br\/vicente\/wp-json\/wp\/v2\/tags?post=1706"}],"curies":[{"name":"wp","href":"https:\/\/api.w.org\/{rel}","templated":true}]}}