{"id":17059,"date":"2021-01-07T18:01:54","date_gmt":"2021-01-07T21:01:54","guid":{"rendered":"https:\/\/blogs.correiobraziliense.com.br\/vicente\/?p=17059"},"modified":"2021-01-07T18:38:56","modified_gmt":"2021-01-07T21:38:56","slug":"bolsonaro-acompanhou-entrevista-de-pazuello-no-ministerio-da-defesa","status":"publish","type":"post","link":"https:\/\/blogs.correiobraziliense.com.br\/vicente\/bolsonaro-acompanhou-entrevista-de-pazuello-no-ministerio-da-defesa\/","title":{"rendered":"Bolsonaro acompanhou entrevista de Pazuello no Minist\u00e9rio da Defesa"},"content":{"rendered":"<h2>O presidente Jair Bolsonaro acompanhou parte da entrevista do ministro da Sa\u00fade, Eduardo Pazuello, no Minist\u00e9rio da Defesa. Ele chegou de surpresa na sede do \u00f3rg\u00e3o, no meio da tarde, e entrou discretamente pela garagem, onde foi recebido pelo ministro, o general Fernando Azevedo e Silva.<\/h2>\n<p>&nbsp;<\/p>\n<p>Normalmente, Bolsonaro costuma ir ao Minist\u00e9rio da Defesa sempre na hora do almo\u00e7o. Isso acontece a cada 15 dias. Nesta quinta-feira (07\/01), ele chegou no meio da tarde. A visita, como j\u00e1 ocorreu em outras ocasi\u00f5es, n\u00e3o estava na agenda oficial e durou mais de meia-hora.<\/p>\n<p>&nbsp;<\/p>\n<p>Al\u00e9m da quest\u00e3o sanit\u00e1ria, Bolsonaro e o ministro conversaram sobre o ocorrido nos Estados Unidos, onde um grupo de extremistas de direita atacou o Congresso norte-americano, um acinte \u00e0 democracia. Pela manh\u00e3, o presidente disse que a viol\u00eancia que se viu em Washington pode se repetir ainda mais forte no Brasil em 2021.<\/p>\n<p>&nbsp;<\/p>\n<p>Entre os militares de alta patente, a maioria condena o vandalismo comandado pelo presidente Donald Trump. Para os fardados, n\u00e3o h\u00e1 risco de a democracia dos Estados Unidos ruir. Mas, no Brasil, um pa\u00eds mais jovem, sempre \u00e9 preciso ficar alerta. Portanto, qualquer extremismo de esquerda e de direita \u00e9 ruim.<\/p>\n<p>&nbsp;<\/p>\n<p><em>Bras\u00edlia, 18h01min<\/em><\/p>\n","protected":false},"excerpt":{"rendered":"<p>O presidente Jair Bolsonaro acompanhou parte da entrevista do ministro da Sa\u00fade, Eduardo Pazuello, no Minist\u00e9rio da Defesa. Ele chegou de surpresa na sede do \u00f3rg\u00e3o, no meio da tarde, e entrou discretamente pela garagem, onde foi recebido pelo ministro, o general Fernando Azevedo e Silva. &nbsp; Normalmente, Bolsonaro costuma ir ao Minist\u00e9rio da Defesa [&hellip;]<\/p>\n","protected":false},"author":22,"featured_media":17060,"comment_status":"open","ping_status":"closed","sticky":false,"template":"","format":"standard","meta":{"footnotes":""},"categories":[600],"tags":[5127,926,2526,2787],"class_list":["post-17059","post","type-post","status-publish","format-standard","has-post-thumbnail","hentry","category-economia","tag-bolsonaro-acompanhou-entrevista-de-pazuello-no-ministerio-da-defesa","tag-brasilia","tag-poder","tag-politica"],"_links":{"self":[{"href":"https:\/\/blogs.correiobraziliense.com.br\/vicente\/wp-json\/wp\/v2\/posts\/17059","targetHints":{"allow":["GET"]}}],"collection":[{"href":"https:\/\/blogs.correiobraziliense.com.br\/vicente\/wp-json\/wp\/v2\/posts"}],"about":[{"href":"https:\/\/blogs.correiobraziliense.com.br\/vicente\/wp-json\/wp\/v2\/types\/post"}],"author":[{"embeddable":true,"href":"https:\/\/blogs.correiobraziliense.com.br\/vicente\/wp-json\/wp\/v2\/users\/22"}],"replies":[{"embeddable":true,"href":"https:\/\/blogs.correiobraziliense.com.br\/vicente\/wp-json\/wp\/v2\/comments?post=17059"}],"version-history":[{"count":1,"href":"https:\/\/blogs.correiobraziliense.com.br\/vicente\/wp-json\/wp\/v2\/posts\/17059\/revisions"}],"predecessor-version":[{"id":17061,"href":"https:\/\/blogs.correiobraziliense.com.br\/vicente\/wp-json\/wp\/v2\/posts\/17059\/revisions\/17061"}],"wp:featuredmedia":[{"embeddable":true,"href":"https:\/\/blogs.correiobraziliense.com.br\/vicente\/wp-json\/wp\/v2\/media\/17060"}],"wp:attachment":[{"href":"https:\/\/blogs.correiobraziliense.com.br\/vicente\/wp-json\/wp\/v2\/media?parent=17059"}],"wp:term":[{"taxonomy":"category","embeddable":true,"href":"https:\/\/blogs.correiobraziliense.com.br\/vicente\/wp-json\/wp\/v2\/categories?post=17059"},{"taxonomy":"post_tag","embeddable":true,"href":"https:\/\/blogs.correiobraziliense.com.br\/vicente\/wp-json\/wp\/v2\/tags?post=17059"}],"curies":[{"name":"wp","href":"https:\/\/api.w.org\/{rel}","templated":true}]}}