{"id":17024,"date":"2021-01-05T15:05:44","date_gmt":"2021-01-05T18:05:44","guid":{"rendered":"https:\/\/blogs.correiobraziliense.com.br\/vicente\/?p=17024"},"modified":"2021-01-05T18:28:15","modified_gmt":"2021-01-05T21:28:15","slug":"bolsonaro-assume-o-seu-fracasso-e-debocha-de-eleitores-ao-dizer-que-o-brasil-esta-quebrado","status":"publish","type":"post","link":"https:\/\/blogs.correiobraziliense.com.br\/vicente\/bolsonaro-assume-o-seu-fracasso-e-debocha-de-eleitores-ao-dizer-que-o-brasil-esta-quebrado\/","title":{"rendered":"Bolsonaro assume o seu fracasso e debocha de eleitores ao dizer que o Brasil est\u00e1 quebrado"},"content":{"rendered":"<h2>Quem pensa que n\u00e3o h\u00e1 mais como se surpreender com as barbaridades do presidente Jair Bolsonaro, a cada dia se surpreende. Agora, ele diz &#8220;que n\u00e3o pode fazer nada porque o Brasil est\u00e1 quebrado&#8221;. Se n\u00e3o pode fazer nada, que pe\u00e7a para sair. \u00c9 simples assim.<\/h2>\n<p>&nbsp;<\/p>\n<p>Irrespons\u00e1vel, Bolsonaro debocha de todos os seus 57 milh\u00f5es de eleitores, que embarcaram na promessa que ele fez de construir um pa\u00eds melhor para todos, com crescimento, mais empregos e menos corrup\u00e7\u00e3o. Ao dizer que n\u00e3o pode fazer nada, o presidente simplesmente assumiu o seu fracasso.<\/p>\n<p>&nbsp;<\/p>\n<p>\u00c9 verdade que o Brasil vive uma situa\u00e7\u00e3o complicada. As contas p\u00fablicas est\u00e3o no vermelho desde 2014, n\u00e3o cresce desde ent\u00e3o, o desemprego passa dos 14% e uma pandemia atropela todos os planos do governo, das empresas e da popula\u00e7\u00e3o.<\/p>\n<p>&nbsp;<\/p>\n<p>Mas se espera de um l\u00edder de uma na\u00e7\u00e3o que ele tenha um m\u00ednimo de bom senso para conduzir o pa\u00eds, para fazer escolhas, mesmo que elas tenham custos pol\u00edticos. Bolsonaro, contudo, opta por lavar as m\u00e3os e jogar a culpa nos outros. \u00c9 muito mais f\u00e1cil. E covarde.<\/p>\n<p>&nbsp;<\/p>\n<p>Neste momento t\u00e3o conturbado, Bolsonaro deveria estar trabalhando para reconstruir a confian\u00e7a no Brasil, e n\u00e3o para destru\u00ed-la. Quem, em s\u00e3o consci\u00eancia, vai investir no pa\u00eds, ampliar f\u00e1bricas, criar empregos, se a maior autoridade do pa\u00eds jogou a toalha?<\/p>\n<p>&nbsp;<\/p>\n<p>O que quer Bolsonaro, se n\u00e3o pode fazer mais nada? Como olhar para frente e esperar um Brasil melhor? O que dizem os eleitores do presidente que, agora, sabem que votaram em uma pessoa que n\u00e3o \u00e9 capaz de conduzir um pa\u00eds como o Brasil?<\/p>\n<p>&nbsp;<\/p>\n<p>Bolsonaro diz que n\u00e3o cumpriu a promessa de atualizar a tabela do Imposto de Renda e, assim, isentar um maior n\u00famero de pessoas do pagamento de tributos. N\u00e3o o fez, simplesmente, porque n\u00e3o exerceu o seu poder de escolha. Melhor, esqueceu as promessas para favoreceu grupos espec\u00edficos em troca de apoio no Congresso.<\/p>\n<p>&nbsp;<\/p>\n<p>\u00c9 triste ver um presidente sem qualquer capacidade sentado na cadeira mais importante do pa\u00eds. Se, ao completar dois anos de governo, ele diz que n\u00e3o pode fazer mais nada porque o Brasil quebrou, o que esperar dos pr\u00f3ximos dois anos que ainda lhe restam de mandato?<\/p>\n<p>&nbsp;<\/p>\n<p>E pensar que ele ainda est\u00e1 obcecado pela reelei\u00e7\u00e3o.<\/p>\n<p>&nbsp;<\/p>\n<p><em>Bras\u00edlia, 15h05min<\/em><\/p>\n","protected":false},"excerpt":{"rendered":"<p>Quem pensa que n\u00e3o h\u00e1 mais como se surpreender com as barbaridades do presidente Jair Bolsonaro, a cada dia se surpreende. Agora, ele diz &#8220;que n\u00e3o pode fazer nada porque o Brasil est\u00e1 quebrado&#8221;. Se n\u00e3o pode fazer nada, que pe\u00e7a para sair. \u00c9 simples assim. &nbsp; Irrespons\u00e1vel, Bolsonaro debocha de todos os seus 57 [&hellip;]<\/p>\n","protected":false},"author":22,"featured_media":10126,"comment_status":"open","ping_status":"closed","sticky":false,"template":"","format":"standard","meta":{"footnotes":""},"categories":[600],"tags":[5122,926,2526,2787],"class_list":["post-17024","post","type-post","status-publish","format-standard","has-post-thumbnail","hentry","category-economia","tag-bolsonaro-assume-o-seu-fracasso-e-debocha-de-eleitores-ao-dizer-que-o-brasil-esta-quebrado","tag-brasilia","tag-poder","tag-politica"],"_links":{"self":[{"href":"https:\/\/blogs.correiobraziliense.com.br\/vicente\/wp-json\/wp\/v2\/posts\/17024","targetHints":{"allow":["GET"]}}],"collection":[{"href":"https:\/\/blogs.correiobraziliense.com.br\/vicente\/wp-json\/wp\/v2\/posts"}],"about":[{"href":"https:\/\/blogs.correiobraziliense.com.br\/vicente\/wp-json\/wp\/v2\/types\/post"}],"author":[{"embeddable":true,"href":"https:\/\/blogs.correiobraziliense.com.br\/vicente\/wp-json\/wp\/v2\/users\/22"}],"replies":[{"embeddable":true,"href":"https:\/\/blogs.correiobraziliense.com.br\/vicente\/wp-json\/wp\/v2\/comments?post=17024"}],"version-history":[{"count":1,"href":"https:\/\/blogs.correiobraziliense.com.br\/vicente\/wp-json\/wp\/v2\/posts\/17024\/revisions"}],"predecessor-version":[{"id":17025,"href":"https:\/\/blogs.correiobraziliense.com.br\/vicente\/wp-json\/wp\/v2\/posts\/17024\/revisions\/17025"}],"wp:featuredmedia":[{"embeddable":true,"href":"https:\/\/blogs.correiobraziliense.com.br\/vicente\/wp-json\/wp\/v2\/media\/10126"}],"wp:attachment":[{"href":"https:\/\/blogs.correiobraziliense.com.br\/vicente\/wp-json\/wp\/v2\/media?parent=17024"}],"wp:term":[{"taxonomy":"category","embeddable":true,"href":"https:\/\/blogs.correiobraziliense.com.br\/vicente\/wp-json\/wp\/v2\/categories?post=17024"},{"taxonomy":"post_tag","embeddable":true,"href":"https:\/\/blogs.correiobraziliense.com.br\/vicente\/wp-json\/wp\/v2\/tags?post=17024"}],"curies":[{"name":"wp","href":"https:\/\/api.w.org\/{rel}","templated":true}]}}