{"id":16990,"date":"2020-12-29T17:11:44","date_gmt":"2020-12-29T20:11:44","guid":{"rendered":"https:\/\/blogs.correiobraziliense.com.br\/vicente\/?p=16990"},"modified":"2020-12-29T18:33:02","modified_gmt":"2020-12-29T21:33:02","slug":"estao-sucateando-o-banco-do-brasil-para-a-privatizacao-dizem-funcionarios","status":"publish","type":"post","link":"https:\/\/blogs.correiobraziliense.com.br\/vicente\/estao-sucateando-o-banco-do-brasil-para-a-privatizacao-dizem-funcionarios\/","title":{"rendered":"Est\u00e3o sucateando o Banco do Brasil para a privatiza\u00e7\u00e3o, dizem funcion\u00e1rios"},"content":{"rendered":"<h2>Quem foi \u00e0s ag\u00eancias do Banco do Brasil nesta \u00faltima semana do ano de 2020 levou um susto. A maior parte dos pontos de atendimento ao p\u00fablico estava sem caixas. N\u00e3o havia funcion\u00e1rios para executar os servi\u00e7os.<\/h2>\n<p>&nbsp;<\/p>\n<p>A justificativa em todas as ag\u00eancias foi a mesma: a segunda onda de covid-19 pegou os empregados do Banco do Brasil em cheio. Mas, mesmo ciente da contamina\u00e7\u00e3o em massa de seus funcion\u00e1rios, o BB n\u00e3o montou um plano de conting\u00eancia.<\/p>\n<p>&nbsp;<\/p>\n<p>Resultado: muitos clientes insatisfeitos, voltando para casa sem resolver seus problemas com o banco, v\u00e1rios deles, solucionados somente presencialmente. As queixas eram gerais, contudo, os funcion\u00e1rios que tentavam acalmar os \u00e2nimos reconheceram que a situa\u00e7\u00e3o no Banco do Brasil \u00e9 dram\u00e1tica.<\/p>\n<p>&nbsp;<\/p>\n<p>Para empregados do BB, est\u00e3o sucateando a institui\u00e7\u00e3o a fim de facilitar sua privatiza\u00e7\u00e3o. Eles dizem que h\u00e1 um movimento deliberado dentro do banco para atender mal a clientela a justificar que a \u00fanica sa\u00edda para a institui\u00e7\u00e3o \u00e9 repassar seu controle \u00e0 iniciativa privada.<\/p>\n<p>&nbsp;<\/p>\n<p>&#8220;Infelizmente, o que temos visto \u00e9 uma ina\u00e7\u00e3o dentro do Banco do Brasil. J\u00e1 houve muitos problemas com a covid na primeira fase da doen\u00e7a, mas, agora, nesta segunda onda, mais gente se contaminou e nada foi feito para manter o atendimento ao p\u00fablico minimamente adequado&#8221;, diz um empregado do BB.<\/p>\n<p>&nbsp;<\/p>\n<p>O quadro \u00e9 t\u00e3o preocupante, que os clientes que procuraram as ag\u00eancias do Banco do Brasil\u00a0 no Sudoeste \u2014 a Estilo e a normal \u2014 foram orientados a se dirigirem aos postos de atendimento do Guar\u00e1 ou da 507 Sul. Para isso, teriam que se deslocar mais de seis quil\u00f4metros.<\/p>\n<p>&nbsp;<\/p>\n<p>Procurada, a assessoria de imprensa do Banco do Brasil ficou de se manifestar, mas, antecipadamente, admitiu que a covid atingiu em cheio funcion\u00e1rios que atuam na linha de frente do atendimento.<\/p>\n<p>&nbsp;<\/p>\n<p><strong>Bras\u00edlia, 17h11min<\/strong><\/p>\n","protected":false},"excerpt":{"rendered":"<p>Quem foi \u00e0s ag\u00eancias do Banco do Brasil nesta \u00faltima semana do ano de 2020 levou um susto. A maior parte dos pontos de atendimento ao p\u00fablico estava sem caixas. N\u00e3o havia funcion\u00e1rios para executar os servi\u00e7os. &nbsp; A justificativa em todas as ag\u00eancias foi a mesma: a segunda onda de covid-19 pegou os empregados [&hellip;]<\/p>\n","protected":false},"author":22,"featured_media":11451,"comment_status":"open","ping_status":"closed","sticky":false,"template":"","format":"standard","meta":{"footnotes":""},"categories":[600],"tags":[5116,589,5115,4943,2787],"class_list":["post-16990","post","type-post","status-publish","format-standard","has-post-thumbnail","hentry","category-economia","tag-dizem-funcionarios","tag-economia","tag-estao-sucateando-o-banco-do-brasil-para-a-privatizacao","tag-financas","tag-politica"],"_links":{"self":[{"href":"https:\/\/blogs.correiobraziliense.com.br\/vicente\/wp-json\/wp\/v2\/posts\/16990","targetHints":{"allow":["GET"]}}],"collection":[{"href":"https:\/\/blogs.correiobraziliense.com.br\/vicente\/wp-json\/wp\/v2\/posts"}],"about":[{"href":"https:\/\/blogs.correiobraziliense.com.br\/vicente\/wp-json\/wp\/v2\/types\/post"}],"author":[{"embeddable":true,"href":"https:\/\/blogs.correiobraziliense.com.br\/vicente\/wp-json\/wp\/v2\/users\/22"}],"replies":[{"embeddable":true,"href":"https:\/\/blogs.correiobraziliense.com.br\/vicente\/wp-json\/wp\/v2\/comments?post=16990"}],"version-history":[{"count":1,"href":"https:\/\/blogs.correiobraziliense.com.br\/vicente\/wp-json\/wp\/v2\/posts\/16990\/revisions"}],"predecessor-version":[{"id":16991,"href":"https:\/\/blogs.correiobraziliense.com.br\/vicente\/wp-json\/wp\/v2\/posts\/16990\/revisions\/16991"}],"wp:featuredmedia":[{"embeddable":true,"href":"https:\/\/blogs.correiobraziliense.com.br\/vicente\/wp-json\/wp\/v2\/media\/11451"}],"wp:attachment":[{"href":"https:\/\/blogs.correiobraziliense.com.br\/vicente\/wp-json\/wp\/v2\/media?parent=16990"}],"wp:term":[{"taxonomy":"category","embeddable":true,"href":"https:\/\/blogs.correiobraziliense.com.br\/vicente\/wp-json\/wp\/v2\/categories?post=16990"},{"taxonomy":"post_tag","embeddable":true,"href":"https:\/\/blogs.correiobraziliense.com.br\/vicente\/wp-json\/wp\/v2\/tags?post=16990"}],"curies":[{"name":"wp","href":"https:\/\/api.w.org\/{rel}","templated":true}]}}