{"id":1698,"date":"2016-06-27T18:30:36","date_gmt":"2016-06-27T21:30:36","guid":{"rendered":"https:\/\/blogs.correiobraziliense.com.br\/vicente\/?p=1698"},"modified":"2016-06-27T18:54:36","modified_gmt":"2016-06-27T21:54:36","slug":"no-site-da-fazenda-o-presidente-do-bc-continua-sendo-alexandre-tombini","status":"publish","type":"post","link":"https:\/\/blogs.correiobraziliense.com.br\/vicente\/no-site-da-fazenda-o-presidente-do-bc-continua-sendo-alexandre-tombini\/","title":{"rendered":"No site da Fazenda, o presidente do BC continua sendo Alexandre Tombini"},"content":{"rendered":"<p>Ilan Goldfajn j\u00e1 est\u00e1 na presid\u00eancia do Banco Central h\u00e1 mais de duas semanas, mas, para o Minist\u00e9rio da Fazenda, o posto continua sendo ocupado por Alexandre Tombini. Veja a foto do site do minist\u00e9rio.<\/p>\n<p>&nbsp;<\/p>\n<p><a href=\"https:\/\/blogs.correiobraziliense.com.br\/vicente\/wp-content\/uploads\/sites\/16\/2016\/06\/BCFazenda.jpg\" rel=\"attachment wp-att-1699\"><img loading=\"lazy\" decoding=\"async\" class=\"alignnone  wp-image-1699\" src=\"https:\/\/blogs.correiobraziliense.com.br\/vicente\/wp-content\/uploads\/sites\/16\/2016\/06\/BCFazenda-300x225.jpg\" alt=\"BCFazenda\" width=\"412\" height=\"309\" srcset=\"https:\/\/blogs.correiobraziliense.com.br\/vicente\/wp-content\/uploads\/sites\/16\/2016\/06\/BCFazenda-300x225.jpg 300w, https:\/\/blogs.correiobraziliense.com.br\/vicente\/wp-content\/uploads\/sites\/16\/2016\/06\/BCFazenda-768x576.jpg 768w, https:\/\/blogs.correiobraziliense.com.br\/vicente\/wp-content\/uploads\/sites\/16\/2016\/06\/BCFazenda-1024x768.jpg 1024w, https:\/\/blogs.correiobraziliense.com.br\/vicente\/wp-content\/uploads\/sites\/16\/2016\/06\/BCFazenda-350x263.jpg 350w, https:\/\/blogs.correiobraziliense.com.br\/vicente\/wp-content\/uploads\/sites\/16\/2016\/06\/BCFazenda-550x413.jpg 550w, https:\/\/blogs.correiobraziliense.com.br\/vicente\/wp-content\/uploads\/sites\/16\/2016\/06\/BCFazenda-230x173.jpg 230w, https:\/\/blogs.correiobraziliense.com.br\/vicente\/wp-content\/uploads\/sites\/16\/2016\/06\/BCFazenda.jpg 1280w\" sizes=\"auto, (max-width: 412px) 100vw, 412px\" \/><\/a><\/p>\n<p>&nbsp;<\/p>\n<p>A Fazenda alega que a atualiza\u00e7\u00e3o de seu site ainda n\u00e3o foi feita por falta de gente. Mas, agora, corrigir\u00e1 as informa\u00e7\u00f5es.<\/p>\n","protected":false},"excerpt":{"rendered":"<p>Ilan Goldfajn j\u00e1 est\u00e1 na presid\u00eancia do Banco Central h\u00e1 mais de duas semanas, mas, para o Minist\u00e9rio da Fazenda, o posto continua sendo ocupado por Alexandre Tombini. Veja a foto do site do minist\u00e9rio. &nbsp; &nbsp; A Fazenda alega que a atualiza\u00e7\u00e3o de seu site ainda n\u00e3o foi feita por falta de gente. Mas, [&hellip;]<\/p>\n","protected":false},"author":22,"featured_media":0,"comment_status":"open","ping_status":"closed","sticky":false,"template":"","format":"standard","meta":{"footnotes":""},"categories":[1],"tags":[],"class_list":["post-1698","post","type-post","status-publish","format-standard","hentry","category-sem-categoria"],"_links":{"self":[{"href":"https:\/\/blogs.correiobraziliense.com.br\/vicente\/wp-json\/wp\/v2\/posts\/1698","targetHints":{"allow":["GET"]}}],"collection":[{"href":"https:\/\/blogs.correiobraziliense.com.br\/vicente\/wp-json\/wp\/v2\/posts"}],"about":[{"href":"https:\/\/blogs.correiobraziliense.com.br\/vicente\/wp-json\/wp\/v2\/types\/post"}],"author":[{"embeddable":true,"href":"https:\/\/blogs.correiobraziliense.com.br\/vicente\/wp-json\/wp\/v2\/users\/22"}],"replies":[{"embeddable":true,"href":"https:\/\/blogs.correiobraziliense.com.br\/vicente\/wp-json\/wp\/v2\/comments?post=1698"}],"version-history":[{"count":2,"href":"https:\/\/blogs.correiobraziliense.com.br\/vicente\/wp-json\/wp\/v2\/posts\/1698\/revisions"}],"predecessor-version":[{"id":1701,"href":"https:\/\/blogs.correiobraziliense.com.br\/vicente\/wp-json\/wp\/v2\/posts\/1698\/revisions\/1701"}],"wp:attachment":[{"href":"https:\/\/blogs.correiobraziliense.com.br\/vicente\/wp-json\/wp\/v2\/media?parent=1698"}],"wp:term":[{"taxonomy":"category","embeddable":true,"href":"https:\/\/blogs.correiobraziliense.com.br\/vicente\/wp-json\/wp\/v2\/categories?post=1698"},{"taxonomy":"post_tag","embeddable":true,"href":"https:\/\/blogs.correiobraziliense.com.br\/vicente\/wp-json\/wp\/v2\/tags?post=1698"}],"curies":[{"name":"wp","href":"https:\/\/api.w.org\/{rel}","templated":true}]}}