{"id":16961,"date":"2020-12-22T09:31:33","date_gmt":"2020-12-22T12:31:33","guid":{"rendered":"https:\/\/blogs.correiobraziliense.com.br\/vicente\/?p=16961"},"modified":"2020-12-22T18:08:55","modified_gmt":"2020-12-22T21:08:55","slug":"previa-da-inflacao-tem-altas-de-106-em-dezembro-e-de-423-no-ano","status":"publish","type":"post","link":"https:\/\/blogs.correiobraziliense.com.br\/vicente\/previa-da-inflacao-tem-altas-de-106-em-dezembro-e-de-423-no-ano\/","title":{"rendered":"Pr\u00e9via da infla\u00e7\u00e3o tem altas de 1,06%, em dezembro, e de 4,23%, no ano"},"content":{"rendered":"<h2><span style=\"font-weight: 400\">ROSANA HESSEL<\/span><\/h2>\n<h2><\/h2>\n<h2><span style=\"font-weight: 400\">O \u00cdndice Pre\u00e7os ao Consumidor Amplo 15 (IPCA-15) avan\u00e7ou 1,06% em dezembro, conforme dados do Instituto Brasileiro de Geografia e Estat\u00edstica (IBGE) divulgados nesta ter\u00e7a-feira (22\/12).\u00a0<\/span>No acumulado do ano, a varia\u00e7\u00e3o do indicador da pr\u00e9via da infla\u00e7\u00e3o oficial foi de 4,23%. Em 2019, o IPCA-15 acumulou alta de 3,91%.<\/h2>\n<p>&nbsp;<\/p>\n<p><span style=\"font-weight: 400\">Na avalia\u00e7\u00e3o de William Jackson, economista-chefe para mercados emergentes da Capital Economics, o dado acumulado para o IPCA-15 de 2020 ficou abaixo do esperado pela consultoria, de 4,5%, e do consenso do mercado, de 4,35%, sugerindo que <\/span><span style=\"font-weight: 400\">a pr\u00e9via da infla\u00e7\u00e3o &#8220;j\u00e1 ultrapassou seu pico&#8221;, e, juntamente com novos casos covid-19, &#8220;pode re<\/span><span style=\"font-weight: 400\">tardar a recupera\u00e7\u00e3o econ\u00f4mica&#8221;. Com isso, o analista aposta em uma pol\u00edtica monet\u00e1ria do Banco Central menos agressiva, ou seja, mais &#8220;dovish&#8221;, com in\u00edcio de alta da taxa b\u00e1sica de juros (Selic) de 0,50 ponto percentual no segundo semestre.<\/span><\/p>\n<p>&nbsp;<\/p>\n<p><span style=\"font-weight: 400\">O dado do IPCA-15 de dezembro ficou 0,25 ponto percentual acima da taxa de novembro, de 0,81%, com destaque para o grupo de alimentos e bebidas, com impacto de 0,43 ponto percentual no indicador. Esse grupamento subiu 2%, em dezembro, e 14,36%, no acumulado em 12 meses. Foi maior a taxa para um ano desde 2002, quando registrou 18,11%.<\/span><\/p>\n<p>&nbsp;<\/p>\n<p><span style=\"font-weight: 400\">De acordo com dados do IBGE, a pr\u00e9via infla\u00e7\u00e3o de dezembro para o grupo dos alimentos foi impulsionada pelo aumento dos pre\u00e7os generalizados dos alimentos. Os itens para consumo no domic\u00edlio tiveram alta de 2,57%, com destaque para carnes (5,53%), arroz (4,96%) e frutas (3,62%). A batata-inglesa (17,96%) e o \u00f3leo de soja (7%).\u00a0<\/span>Entre as quedas no grupo, o tomate teve a maior delas, de 4,68%, seguida pelo alho, de 2,49%, e o leite longa vida, de 0,74%.<\/p>\n<p>&nbsp;<\/p>\n<p><span style=\"font-weight: 400\">A\u00a0segunda maior varia\u00e7\u00e3o do m\u00eas veio do grupo habita\u00e7\u00e3o, de 1,50%, contribuindo com 0,23 ponto percentual no \u00edndice, puxado pela alta do item energia el\u00e9trica (4,08%), devido \u00e0 volta da bandeira vermelha patamar 2 (com acr\u00e9scimo de R$ 6,243 a cada 100 quilowatts-hora consumidos) ap\u00f3s dez meses consecutivos de bandeira verde (em que n\u00e3o h\u00e1 cobran\u00e7a adicional na conta de luz).\u00a0<\/span><\/p>\n<p>&nbsp;<\/p>\n<p>Conforme os dados do IBGE, a alimenta\u00e7\u00e3o fora do domic\u00edlio passou de 0,87% em novembro para 0,58% em dezembro, principalmente em fun\u00e7\u00e3o da queda do lanche, de 0,11%, que no m\u00eas anterior apresentou alta de 1,92% . No sentido contr\u00e1rio, a refei\u00e7\u00e3o que subiu 0,86% neste m\u00eas frente ao resultado de 0,49% de novembro.<\/p>\n<p>&nbsp;<\/p>\n<p>Na contram\u00e3o, o grupo vestu\u00e1rio apresentou recuo de 0,44%, contribuindo negativamente em 0,02 ponto percentual no IPCA-15.<\/p>\n<p>&nbsp;<\/p>\n<p><span style=\"font-weight: 400\">A mediana das estimativas do mercado para o IPCA de 2020, medida pelo boletim Focus, do Banco Central, passou de 4,35%, na semana passada, para 4,39%, nesta semana.\u00a0<\/span><span style=\"font-weight: 400\">Foi a 19\u00aa alta consecutiva na proje\u00e7\u00e3o e mostra o indicador de infla\u00e7\u00e3o ficando acima do centro da meta determinada pelo Conselho Monet\u00e1rio Nacional (CMN), de 4% anuais, com teto de 5,5%. Para o m\u00eas de dezembro, a mediana do mercado prev\u00ea alta de 1,22% no custo de vida.<\/span><\/p>\n<p>&nbsp;<\/p>\n<p><strong>Bras\u00edlia tem menor taxa no m\u00eas<\/strong><\/p>\n<p>&nbsp;<\/p>\n<p>Bras\u00edlia foi a capital brasileira que registrou a menor varia\u00e7\u00e3o do IPCA-15 de dezembro, com alta de 0,81%. A lista de 11 cidades pesquisadas pelo IBGE foi liderada por\u00a0Porto Alegre, com avan\u00e7o de 1,53%, seguida por Rio de Janeiro, com infla\u00e7\u00e3o de 1,28%.<\/p>\n<p>&nbsp;<\/p>\n<p>No acumulado do ano, Recife foi a capital com maior taxa do IPCA-15, de 5,02%. A menor ficou com Bras\u00edlia, de 3,07%, conforme dados do IBGE, que registraram alta no custo de vida em todas as regi\u00f5es da pesquisa.<\/p>\n<p>&nbsp;<\/p>\n<p>&nbsp;<\/p>\n","protected":false},"excerpt":{"rendered":"<p>ROSANA HESSEL O \u00cdndice Pre\u00e7os ao Consumidor Amplo 15 (IPCA-15) avan\u00e7ou 1,06% em dezembro, conforme dados do Instituto Brasileiro de Geografia e Estat\u00edstica (IBGE) divulgados nesta ter\u00e7a-feira (22\/12).\u00a0No acumulado do ano, a varia\u00e7\u00e3o do indicador da pr\u00e9via da infla\u00e7\u00e3o oficial foi de 4,23%. Em 2019, o IPCA-15 acumulou alta de 3,91%. &nbsp; Na avalia\u00e7\u00e3o de [&hellip;]<\/p>\n","protected":false},"author":22,"featured_media":15703,"comment_status":"open","ping_status":"closed","sticky":false,"template":"","format":"standard","meta":{"footnotes":""},"categories":[600],"tags":[5111,391,14,1916],"class_list":["post-16961","post","type-post","status-publish","format-standard","has-post-thumbnail","hentry","category-economia","tag-custo-de-vida","tag-ibge","tag-inflacao","tag-ipca-15"],"_links":{"self":[{"href":"https:\/\/blogs.correiobraziliense.com.br\/vicente\/wp-json\/wp\/v2\/posts\/16961","targetHints":{"allow":["GET"]}}],"collection":[{"href":"https:\/\/blogs.correiobraziliense.com.br\/vicente\/wp-json\/wp\/v2\/posts"}],"about":[{"href":"https:\/\/blogs.correiobraziliense.com.br\/vicente\/wp-json\/wp\/v2\/types\/post"}],"author":[{"embeddable":true,"href":"https:\/\/blogs.correiobraziliense.com.br\/vicente\/wp-json\/wp\/v2\/users\/22"}],"replies":[{"embeddable":true,"href":"https:\/\/blogs.correiobraziliense.com.br\/vicente\/wp-json\/wp\/v2\/comments?post=16961"}],"version-history":[{"count":16,"href":"https:\/\/blogs.correiobraziliense.com.br\/vicente\/wp-json\/wp\/v2\/posts\/16961\/revisions"}],"predecessor-version":[{"id":16981,"href":"https:\/\/blogs.correiobraziliense.com.br\/vicente\/wp-json\/wp\/v2\/posts\/16961\/revisions\/16981"}],"wp:featuredmedia":[{"embeddable":true,"href":"https:\/\/blogs.correiobraziliense.com.br\/vicente\/wp-json\/wp\/v2\/media\/15703"}],"wp:attachment":[{"href":"https:\/\/blogs.correiobraziliense.com.br\/vicente\/wp-json\/wp\/v2\/media?parent=16961"}],"wp:term":[{"taxonomy":"category","embeddable":true,"href":"https:\/\/blogs.correiobraziliense.com.br\/vicente\/wp-json\/wp\/v2\/categories?post=16961"},{"taxonomy":"post_tag","embeddable":true,"href":"https:\/\/blogs.correiobraziliense.com.br\/vicente\/wp-json\/wp\/v2\/tags?post=16961"}],"curies":[{"name":"wp","href":"https:\/\/api.w.org\/{rel}","templated":true}]}}