{"id":16941,"date":"2020-12-19T16:41:32","date_gmt":"2020-12-19T19:41:32","guid":{"rendered":"https:\/\/blogs.correiobraziliense.com.br\/vicente\/?p=16941"},"modified":"2020-12-19T16:56:59","modified_gmt":"2020-12-19T19:56:59","slug":"ministerio-da-economia-no-rio-conta-os-mortos-pela-covid-19","status":"publish","type":"post","link":"https:\/\/blogs.correiobraziliense.com.br\/vicente\/ministerio-da-economia-no-rio-conta-os-mortos-pela-covid-19\/","title":{"rendered":"Minist\u00e9rio da Economia no Rio conta os mortos pela covid-19"},"content":{"rendered":"<h2>O clima \u00e9 de pavor no pr\u00e9dio do Minist\u00e9rio da Economia no Rio de Janeiro. N\u00e3o sem raz\u00e3o, pois o n\u00famero de mortos pela covid-19 entre as pessoas que trabalham no hist\u00f3rico edif\u00edcio n\u00e3o para de crescer.<\/h2>\n<p>&nbsp;<\/p>\n<p>Somente no quinto andar, onde funciona a\u00a0Procuradoria Regional da Fazenda Nacional na 2\u00aa Regi\u00e3o e a Superintend\u00eancia do Patrim\u00f4nio da Uni\u00e3o no Rio de Janeiro (SPU\/RJ), ao menos tr\u00eas servidores perderam a vida para o novo coronav\u00edrus. Outros dois vigilantes terceirizados tamb\u00e9m morreram.<\/p>\n<p>&nbsp;<\/p>\n<p>Para tentar conter o surto de covid no edif\u00edcio, foi feita uma ampla sanitiza\u00e7\u00e3o. E a presta\u00e7\u00e3o da maior parte dos servi\u00e7os presenciais foi suspensa para proteger os servidores. Na Superintend\u00eancia do Patrim\u00f4nio da Uni\u00e3o, por exemplo, somente as telefonistas est\u00e3o trabalhando pessoalmente.<\/p>\n<p>&nbsp;<\/p>\n<p>Com a segunda onda da covid-19 fazendo estragos \u2014 o Rio tem o maior n\u00famero de mortos pelo doen\u00e7a por milh\u00e3o de habitantes \u2014, teme-se que o total de vidas perdidas aumente exponencialmente.\u00a0 O Minist\u00e9rio da Economia diz que a maior parte dos servidores est\u00e1 trabalhando em home office.<\/p>\n<p>&nbsp;<\/p>\n<p><em>Bras\u00edlia, 16h41min<\/em><\/p>\n","protected":false},"excerpt":{"rendered":"<p>O clima \u00e9 de pavor no pr\u00e9dio do Minist\u00e9rio da Economia no Rio de Janeiro. N\u00e3o sem raz\u00e3o, pois o n\u00famero de mortos pela covid-19 entre as pessoas que trabalham no hist\u00f3rico edif\u00edcio n\u00e3o para de crescer. &nbsp; Somente no quinto andar, onde funciona a\u00a0Procuradoria Regional da Fazenda Nacional na 2\u00aa Regi\u00e3o e a Superintend\u00eancia [&hellip;]<\/p>\n","protected":false},"author":22,"featured_media":16942,"comment_status":"open","ping_status":"closed","sticky":false,"template":"","format":"standard","meta":{"footnotes":""},"categories":[600],"tags":[926,5109,2526,2787],"class_list":["post-16941","post","type-post","status-publish","format-standard","has-post-thumbnail","hentry","category-economia","tag-brasilia","tag-ministerio-da-economia-no-rio-conta-os-mortos-pela-covid-19","tag-poder","tag-politica"],"_links":{"self":[{"href":"https:\/\/blogs.correiobraziliense.com.br\/vicente\/wp-json\/wp\/v2\/posts\/16941","targetHints":{"allow":["GET"]}}],"collection":[{"href":"https:\/\/blogs.correiobraziliense.com.br\/vicente\/wp-json\/wp\/v2\/posts"}],"about":[{"href":"https:\/\/blogs.correiobraziliense.com.br\/vicente\/wp-json\/wp\/v2\/types\/post"}],"author":[{"embeddable":true,"href":"https:\/\/blogs.correiobraziliense.com.br\/vicente\/wp-json\/wp\/v2\/users\/22"}],"replies":[{"embeddable":true,"href":"https:\/\/blogs.correiobraziliense.com.br\/vicente\/wp-json\/wp\/v2\/comments?post=16941"}],"version-history":[{"count":1,"href":"https:\/\/blogs.correiobraziliense.com.br\/vicente\/wp-json\/wp\/v2\/posts\/16941\/revisions"}],"predecessor-version":[{"id":16943,"href":"https:\/\/blogs.correiobraziliense.com.br\/vicente\/wp-json\/wp\/v2\/posts\/16941\/revisions\/16943"}],"wp:featuredmedia":[{"embeddable":true,"href":"https:\/\/blogs.correiobraziliense.com.br\/vicente\/wp-json\/wp\/v2\/media\/16942"}],"wp:attachment":[{"href":"https:\/\/blogs.correiobraziliense.com.br\/vicente\/wp-json\/wp\/v2\/media?parent=16941"}],"wp:term":[{"taxonomy":"category","embeddable":true,"href":"https:\/\/blogs.correiobraziliense.com.br\/vicente\/wp-json\/wp\/v2\/categories?post=16941"},{"taxonomy":"post_tag","embeddable":true,"href":"https:\/\/blogs.correiobraziliense.com.br\/vicente\/wp-json\/wp\/v2\/tags?post=16941"}],"curies":[{"name":"wp","href":"https:\/\/api.w.org\/{rel}","templated":true}]}}