{"id":16938,"date":"2020-12-18T16:01:23","date_gmt":"2020-12-18T19:01:23","guid":{"rendered":"https:\/\/blogs.correiobraziliense.com.br\/vicente\/?p=16938"},"modified":"2020-12-18T17:40:19","modified_gmt":"2020-12-18T20:40:19","slug":"escandalo-da-abin-da-novo-gas-a-moro-em-denuncias-contra-bolsonaro","status":"publish","type":"post","link":"https:\/\/blogs.correiobraziliense.com.br\/vicente\/escandalo-da-abin-da-novo-gas-a-moro-em-denuncias-contra-bolsonaro\/","title":{"rendered":"Esc\u00e2ndalo da Abin d\u00e1 novo g\u00e1s a Moro em den\u00fancias contra Bolsonaro"},"content":{"rendered":"<h2>O Pal\u00e1cio do Planalto dava como certo o arquivamento do processo contra o presidente Jair Bolsonaro, acusado pelo ex-juiz Sergio Moro de interfer\u00eancia na Pol\u00edcia Federal, mas, com o esc\u00e2ndalo envolvendo o diretor-geral da Ag\u00eancia Brasileira de Intelig\u00eancia (Abin), <a href=\"https:\/\/blogs.correiobraziliense.com.br\/vicente\/alexandre-ramagem-manda-mais-que-ministros-no-palacio-do-planalto\/\">Alexandre Ramagem<\/a>, o jogo virou a favor do ex-ministro da Justi\u00e7a.<\/h2>\n<p>&nbsp;<\/p>\n<p>N\u00e3o por acaso, Moro pediu ao Supremo Tribunal Federal c\u00f3pias dos relat\u00f3rios que teriam sido feitos pela Abin, a mando de Ramagem, para auxiliar a defesa do senador Fl\u00e1vio Bolsonaro no caso das rachadinhas na Assembleia Legislativa do Rio de Janeiro. O ex-juiz quer novo depoimento de Ramagem dentro do processo envolvendo a PF.<\/p>\n<p>&nbsp;<\/p>\n<p>Mais do que isso, Moro pretende agregar as investiga\u00e7\u00f5es sobre o uso da Abin pelo filho 01 do presidente da Rep\u00fablica \u2014 a ministra C\u00e1men L\u00facia, do STF, determinou a abertura de inqu\u00e9rito \u2014 no processo conduzido pelo ministro Alexandre de Morais, que estendeu por mais 90 dias as investiga\u00e7\u00f5es sobre poss\u00edveis interfer\u00eancias de Bolsonaro na Pol\u00edcia Federal.<\/p>\n<p>&nbsp;<\/p>\n<p>Como se sabe, Bolsonaro queria nomear Alexandre Ramagem para o comando da Pol\u00edcia Federal, o que foi recusado pelo ent\u00e3o ministro da Justi\u00e7a. Ele saiu do governo atirando contra Bolsonaro, que disse n\u00e3o ver nada de mais nomear algu\u00e9m que lhe daria informa\u00e7\u00f5es privilegiadas sobre investiga\u00e7\u00f5es conduzidas pela corpora\u00e7\u00e3o.<\/p>\n<p>&nbsp;<\/p>\n<p>Naquele momento, Bolsonaro j\u00e1 sabia que tr\u00eas de seus filhos \u2014 al\u00e9m de Fl\u00e1vio, o deputado Eduardo Bolsonaro e o vereador Carlos Bolsonaro \u2014 estavam na mira da Pol\u00edcia Federal, assim como apoiadores do governo. V\u00e1rios deles , por sinal, j\u00e1 foram pegos pelo Supremo Tribunal Federal.<\/p>\n<p>&nbsp;<\/p>\n<p>Diante do temor de que todas as investiga\u00e7\u00f5es se cruzem \u2014 a que apura suposta interfer\u00eancia na PF e a que trata de relat\u00f3rios da Abin \u2014, o presidente Bolsonaro est\u00e1 enlouquecido. Nesta sexta-feira (18\/12), ele incitou policiais militares a partirem para cima da imprensa. Como se isso suprimissem todas as suspeitas que pesam sobre a fam\u00edlia dele.<\/p>\n<p>&nbsp;<\/p>\n<p><em>Bras\u00edlia, 16h01min<\/em><\/p>\n","protected":false},"excerpt":{"rendered":"<p>O Pal\u00e1cio do Planalto dava como certo o arquivamento do processo contra o presidente Jair Bolsonaro, acusado pelo ex-juiz Sergio Moro de interfer\u00eancia na Pol\u00edcia Federal, mas, com o esc\u00e2ndalo envolvendo o diretor-geral da Ag\u00eancia Brasileira de Intelig\u00eancia (Abin), Alexandre Ramagem, o jogo virou a favor do ex-ministro da Justi\u00e7a. &nbsp; N\u00e3o por acaso, Moro [&hellip;]<\/p>\n","protected":false},"author":22,"featured_media":11699,"comment_status":"open","ping_status":"closed","sticky":false,"template":"","format":"standard","meta":{"footnotes":""},"categories":[600],"tags":[926,5108,439,2526,2498],"class_list":["post-16938","post","type-post","status-publish","format-standard","has-post-thumbnail","hentry","category-economia","tag-brasilia","tag-escandalo-da-abin-da-novo-gas-a-moro-em-denuncias-contra-bolsonaro","tag-judiciario","tag-poder","tag-policia"],"_links":{"self":[{"href":"https:\/\/blogs.correiobraziliense.com.br\/vicente\/wp-json\/wp\/v2\/posts\/16938","targetHints":{"allow":["GET"]}}],"collection":[{"href":"https:\/\/blogs.correiobraziliense.com.br\/vicente\/wp-json\/wp\/v2\/posts"}],"about":[{"href":"https:\/\/blogs.correiobraziliense.com.br\/vicente\/wp-json\/wp\/v2\/types\/post"}],"author":[{"embeddable":true,"href":"https:\/\/blogs.correiobraziliense.com.br\/vicente\/wp-json\/wp\/v2\/users\/22"}],"replies":[{"embeddable":true,"href":"https:\/\/blogs.correiobraziliense.com.br\/vicente\/wp-json\/wp\/v2\/comments?post=16938"}],"version-history":[{"count":2,"href":"https:\/\/blogs.correiobraziliense.com.br\/vicente\/wp-json\/wp\/v2\/posts\/16938\/revisions"}],"predecessor-version":[{"id":16940,"href":"https:\/\/blogs.correiobraziliense.com.br\/vicente\/wp-json\/wp\/v2\/posts\/16938\/revisions\/16940"}],"wp:featuredmedia":[{"embeddable":true,"href":"https:\/\/blogs.correiobraziliense.com.br\/vicente\/wp-json\/wp\/v2\/media\/11699"}],"wp:attachment":[{"href":"https:\/\/blogs.correiobraziliense.com.br\/vicente\/wp-json\/wp\/v2\/media?parent=16938"}],"wp:term":[{"taxonomy":"category","embeddable":true,"href":"https:\/\/blogs.correiobraziliense.com.br\/vicente\/wp-json\/wp\/v2\/categories?post=16938"},{"taxonomy":"post_tag","embeddable":true,"href":"https:\/\/blogs.correiobraziliense.com.br\/vicente\/wp-json\/wp\/v2\/tags?post=16938"}],"curies":[{"name":"wp","href":"https:\/\/api.w.org\/{rel}","templated":true}]}}