{"id":16906,"date":"2020-12-17T13:19:19","date_gmt":"2020-12-17T16:19:19","guid":{"rendered":"https:\/\/blogs.correiobraziliense.com.br\/vicente\/?p=16906"},"modified":"2020-12-17T17:50:40","modified_gmt":"2020-12-17T20:50:40","slug":"bc-preve-que-a-conta-de-luz-continuara-mais-cara-em-2021","status":"publish","type":"post","link":"https:\/\/blogs.correiobraziliense.com.br\/vicente\/bc-preve-que-a-conta-de-luz-continuara-mais-cara-em-2021\/","title":{"rendered":"BC prev\u00ea que a conta de luz continuar\u00e1 mais cara em 2021"},"content":{"rendered":"<h2><span style=\"font-weight: 400\">ROSANA HESSEL<\/span><\/h2>\n<h2><\/h2>\n<h2><span style=\"font-weight: 400\">Pelas proje\u00e7\u00f5es do Banco Central, a conta de luz vai continuar mais cara, pelo menos, at\u00e9 o fim do ano que vem. Durante a apresenta\u00e7\u00e3o do Relat\u00f3rio Trimestral de Infla\u00e7\u00e3o (RTI), nesta quinta-feira (17\/12), o presidente do BC, Roberto Campos Neto, reconheceu que a previs\u00e3o BC de infla\u00e7\u00e3o dos pre\u00e7os administrados em 2021, de 4,27%, <\/span><span style=\"font-weight: 400\">est\u00e1 acima das estimativas do mercado, de 3,5%.<\/span><\/h2>\n<h2><\/h2>\n<p><span style=\"font-weight: 400\">Ao explicar esse dado do Relat\u00f3rio de Infla\u00e7\u00e3o, Campos Neto e o diretor de Pol\u00edtica Econ\u00f4mica do BC, Fabio Kanczuk, disseram que o esse cen\u00e1rio tra\u00e7ado pelo BC para os pre\u00e7os de servi\u00e7os administrados incorpora uma proje\u00e7\u00e3o da bandeira vermelha at\u00e9 dezembro de 2021.\u00a0<\/span><span style=\"font-weight: 400\">O governo antecipou para este m\u00eas o reajuste da tarifa de energia e passou a utilizar a bandeira vermelha patamar 2, a mais cara do sistema el\u00e9trico, devido \u00e0 queda no n\u00edvel dos reservat\u00f3rios e o aumento do consumo da popula\u00e7\u00e3o. <\/span><\/p>\n<p>&nbsp;<\/p>\n<p><span style=\"font-weight: 400\">O cen\u00e1rio descrito pela autoridade monet\u00e1ria ainda prev\u00ea que o custo da energia ainda continuar\u00e1 elevado tamb\u00e9m em 2022.\u00a0<\/span><span style=\"font-weight: 400\">Ao citar o conjunto de hip\u00f3teses que o BC faz sobre os mais vari\u00e1veis itens da energia el\u00e9trica, Kanckzuc e Campos Neto destacaram, em entrevista a jornalistas,\u00a0<\/span><span style=\"font-weight: 400\"> que \u201cpara dezembro de 2021,\u201co BC considera bandeira vermelha 1, e, para 2022, bandeira amarela\u201d.<\/span><\/p>\n<p>&nbsp;<\/p>\n<p>As estimativas do Banco Central para o \u00cdndice de Pre\u00e7os ao Consumidor Amplo (IPCA) deste ano, conforme\u00a0o Relat\u00f3rio de Infla\u00e7\u00e3o, est\u00e3o em 4,3%, passando para 3,4%, em 2021 e em 2022. Para 2023, o cen\u00e1rio previsto para o custo de vida \u00e9 de alta de 3,3%.<\/p>\n<p>&nbsp;<\/p>\n<p><span style=\"font-weight: 400\">\u201cReconhecemos que vai ter uma subida da infla\u00e7\u00e3o em 2021\u201d, afirmou Campos Neto, sem precisar exatamente quando haver\u00e1 a sa\u00edda do foward guidance (mecanismo usado para indicar manuten\u00e7\u00e3o da taxa de juros), ou seja, o rein\u00edcio de alta da Selic, atualmente em 2% ao ano. Segundo ele, isso vai depender &#8220;da mudan\u00e7a trajet\u00f3ria das expectativas de infla\u00e7\u00e3o para 2022&#8221;, sem uma sinaliza\u00e7\u00e3o clara de quando os juros realmente v\u00e3o come\u00e7ar a subir.\u00a0<\/span><\/p>\n<p>&nbsp;<\/p>\n<p>&#8220;Ainda n\u00e3o h\u00e1 uma sinaliza\u00e7\u00e3o de uma data espec\u00edfica para aumento de juros, mas \u00e9 muito claro pelos modelos que v\u00e3o ter subir ano que vem&#8221;, avaliou o economista-chefe da MB Associados, Sergio Vale. Ele lembrou que, pela estimativas do boletim Focus, do BC, a infla\u00e7\u00e3o fica na meta em 2022, mas, para isso, a Selic iria para 3% em 2021. &#8220;Se for 3%, uma alta de 0,5 ponto percentual come\u00e7aria no segundo semestre mesmo. Mas eu acho que come\u00e7a antes, em junho, pra evitar riscos de contamina\u00e7\u00e3o dessa infla\u00e7\u00e3o para outros pre\u00e7os, e terminaria um pouco maior, em 3,5%&#8221;, apostou. Pelas estimativas dele, a infla\u00e7\u00e3o do ano que vem dever\u00e1 ficar um pouco maior do que os 3,4% previstos pelo BC, chegando a 3,8%. &#8220;Mas ainda essa alta est\u00e1 sob controle. S\u00f3 vejo entrar em crise mais profunda se o cen\u00e1rio fiscal ficar comprometido em 2023. N\u00e3o vejo espa\u00e7o at\u00e9 l\u00e1 para grandes reformas&#8221;, acresentou.<\/p>\n<p>&nbsp;<\/p>\n<p><span style=\"font-weight: 400\">Pelas proje\u00e7\u00f5es do BC, no entanto, a infla\u00e7\u00e3o continua dentro das metas estipuladas pelo Conselho Monet\u00e1rio Nacional (CMN), em 2021 e 2022. Contudo, a autoridade monet\u00e1ria refor\u00e7ou as preocupa\u00e7\u00f5es em rela\u00e7\u00e3o ao controle das contas p\u00fablicas, que ser\u00e1 determinante para uma retomada dos investimentos no pa\u00eds.\u00a0\u201cO Copom (Comit\u00ea de Pol\u00edtica Monet\u00e1ria) avalia que, desde a ado\u00e7\u00e3o do forward guidance, observou-se uma\u00a0revers\u00e3o da tend\u00eancia de queda das expectativas de infla\u00e7\u00e3o em rela\u00e7\u00e3o \u00e0s\u00a0metas para o horizonte relevante. Al\u00e9m disso, ao longo dos pr\u00f3ximos meses,\u00a0o ano-calend\u00e1rio de 2021 perder\u00e1 relev\u00e2ncia em detrimento ao de 2022, que\u00a0est\u00e1 com proje\u00e7\u00f5es e expectativas de infla\u00e7\u00e3o em torno da meta\u201d, afirmou o ministro.<\/span><\/p>\n<p><span style=\"font-weight: 400\">\u00a0<\/span><\/p>\n<p><span style=\"font-weight: 400\">No Relat\u00f3rio de Infla\u00e7\u00e3o, o Banco Central revisou de 5% para 4,4% a estimativa de queda do Produto Interno Bruto (PIB) deste ano e reduziu em 28% a previs\u00e3o de entrada de Investimento Direto no Pa\u00eds (IDP) em 2020, para US$ 36 bilh\u00f5es, em fun\u00e7\u00e3o da queda na confian\u00e7a dos investidores na \u00e1rea fiscal.<\/span><\/p>\n<p>&nbsp;<\/p>\n","protected":false},"excerpt":{"rendered":"<p>ROSANA HESSEL Pelas proje\u00e7\u00f5es do Banco Central, a conta de luz vai continuar mais cara, pelo menos, at\u00e9 o fim do ano que vem. Durante a apresenta\u00e7\u00e3o do Relat\u00f3rio Trimestral de Infla\u00e7\u00e3o (RTI), nesta quinta-feira (17\/12), o presidente do BC, Roberto Campos Neto, reconheceu que a previs\u00e3o BC de infla\u00e7\u00e3o dos pre\u00e7os administrados em 2021, [&hellip;]<\/p>\n","protected":false},"author":22,"featured_media":15102,"comment_status":"open","ping_status":"closed","sticky":false,"template":"","format":"standard","meta":{"footnotes":""},"categories":[600],"tags":[3,5102,920,5103,472],"class_list":["post-16906","post","type-post","status-publish","format-standard","has-post-thumbnail","hentry","category-economia","tag-banco-central","tag-bandeira-vermelha","tag-conta-de-luz","tag-precos-administrados","tag-relatorio-de-inflacao"],"_links":{"self":[{"href":"https:\/\/blogs.correiobraziliense.com.br\/vicente\/wp-json\/wp\/v2\/posts\/16906","targetHints":{"allow":["GET"]}}],"collection":[{"href":"https:\/\/blogs.correiobraziliense.com.br\/vicente\/wp-json\/wp\/v2\/posts"}],"about":[{"href":"https:\/\/blogs.correiobraziliense.com.br\/vicente\/wp-json\/wp\/v2\/types\/post"}],"author":[{"embeddable":true,"href":"https:\/\/blogs.correiobraziliense.com.br\/vicente\/wp-json\/wp\/v2\/users\/22"}],"replies":[{"embeddable":true,"href":"https:\/\/blogs.correiobraziliense.com.br\/vicente\/wp-json\/wp\/v2\/comments?post=16906"}],"version-history":[{"count":16,"href":"https:\/\/blogs.correiobraziliense.com.br\/vicente\/wp-json\/wp\/v2\/posts\/16906\/revisions"}],"predecessor-version":[{"id":16929,"href":"https:\/\/blogs.correiobraziliense.com.br\/vicente\/wp-json\/wp\/v2\/posts\/16906\/revisions\/16929"}],"wp:featuredmedia":[{"embeddable":true,"href":"https:\/\/blogs.correiobraziliense.com.br\/vicente\/wp-json\/wp\/v2\/media\/15102"}],"wp:attachment":[{"href":"https:\/\/blogs.correiobraziliense.com.br\/vicente\/wp-json\/wp\/v2\/media?parent=16906"}],"wp:term":[{"taxonomy":"category","embeddable":true,"href":"https:\/\/blogs.correiobraziliense.com.br\/vicente\/wp-json\/wp\/v2\/categories?post=16906"},{"taxonomy":"post_tag","embeddable":true,"href":"https:\/\/blogs.correiobraziliense.com.br\/vicente\/wp-json\/wp\/v2\/tags?post=16906"}],"curies":[{"name":"wp","href":"https:\/\/api.w.org\/{rel}","templated":true}]}}