{"id":16856,"date":"2020-12-15T20:48:35","date_gmt":"2020-12-15T23:48:35","guid":{"rendered":"https:\/\/blogs.correiobraziliense.com.br\/vicente\/?p=16856"},"modified":"2020-12-15T20:58:35","modified_gmt":"2020-12-15T23:58:35","slug":"senado-recusa-indicado-de-ernesto-araujo-para-cargo-em-genebra","status":"publish","type":"post","link":"https:\/\/blogs.correiobraziliense.com.br\/vicente\/senado-recusa-indicado-de-ernesto-araujo-para-cargo-em-genebra\/","title":{"rendered":"Senado recusa indicado de Ernesto Ara\u00fajo para cargo em Genebra"},"content":{"rendered":"<p>ROSANA HESSEL<\/p>\n<p>&nbsp;<\/p>\n<p>O ministro das Rela\u00e7\u00f5es Exteriores, Ernesto Ara\u00fajo, sofreu uma derrota hist\u00f3rica no Senado Federal, nesta ter\u00e7a-feira (15\/12). O nome do embaixador Fabio Mendes Marzano, ministro de primeira classe indicado pelo chefe do Itamaraty para assumir a delega\u00e7\u00e3o permanente do Brasil em Genebra, na Su\u00ed\u00e7a, foi rejeitado pelos senadores por 37 votos contra e 9 senadores a favor. Houve uma absten\u00e7\u00e3o.<\/p>\n<p>&nbsp;<\/p>\n<p>Fontes do MRE ficaram chocadas com o placar e reconheceram que nunca viram um placar t\u00e3o &#8220;acachapante&#8221;. Para elas, essa derrota foi uma bofetada em Ara\u00fajo. Ele indicou o embaixador, de quem \u00e9 muito amigo, para o presidente Jair Bolsonaro enviar o nome aos senadores.<\/p>\n<p>&nbsp;<\/p>\n<p>Recentemente, Ara\u00fajo n\u00e3o achou ruim o Brasil ser visto como p\u00e1ria pela comunidade internacional, devido aos retrocessos vis\u00edveis na diplomacia e na agenda ambiental. Outro trope\u00e7o de Ara\u00fajo e Bolsonaro ocorreu hoje, quando 38 dias depois da vit\u00f3ria de Joe Biden nas elei\u00e7\u00f5es presidenciais dos Estados Unidos, o Brasil finalmente reconheceu o democrata como o novo ocupante da Casa Branca a partir de 20 de janeiro de 2021.<\/p>\n<p>&nbsp;<\/p>\n<p>A \u00faltima vez que um embaixador teve o nome recusado pelo Senado ocorreu em 2015, quando Guilherme Patriota, irm\u00e3o ex-ministro do MRE Antonio Patriota, foi rejeitado por 38 a 37 votos para ocupar a representa\u00e7\u00e3o do Brasil na Organiza\u00e7\u00e3o de Estados Americanos (OEA).\u00a0Naquela \u00e9poca, a reprova\u00e7\u00e3o de um embaixador foi um sinal do enfraquecimento da ex-presidente Dilma Rousseff no Congresso.<\/p>\n<p>&nbsp;<\/p>\n<p>Formado em engenharia pelo Instituto Militar de\u00a0Engenharia (IME), Marzano entrou na carreira diplom\u00e1tica, em\u00a01989.\u00a0\u00a0Atualmente, ele exerce a fun\u00e7\u00e3o de secret\u00e1rio de Assuntos de Soberania\u00a0Nacional e Cidadania do MRE.\u00a0 Al\u00e9m de amigo de Ara\u00fajo, o diplomata \u00e9 um grande admirador do guru da fam\u00edlia Bolsonaro e do chefe do Itamaraty, o escritor Olavo de Carvalho, segundo as fontes da chancelaria.<\/p>\n","protected":false},"excerpt":{"rendered":"<p>ROSANA HESSEL &nbsp; O ministro das Rela\u00e7\u00f5es Exteriores, Ernesto Ara\u00fajo, sofreu uma derrota hist\u00f3rica no Senado Federal, nesta ter\u00e7a-feira (15\/12). O nome do embaixador Fabio Mendes Marzano, ministro de primeira classe indicado pelo chefe do Itamaraty para assumir a delega\u00e7\u00e3o permanente do Brasil em Genebra, na Su\u00ed\u00e7a, foi rejeitado pelos senadores por 37 votos contra [&hellip;]<\/p>\n","protected":false},"author":22,"featured_media":9651,"comment_status":"open","ping_status":"closed","sticky":false,"template":"","format":"standard","meta":{"footnotes":""},"categories":[600],"tags":[856,3444,5099,4918,586],"class_list":["post-16856","post","type-post","status-publish","format-standard","has-post-thumbnail","hentry","category-economia","tag-derrota","tag-embaixador","tag-genebra","tag-mre","tag-senado"],"_links":{"self":[{"href":"https:\/\/blogs.correiobraziliense.com.br\/vicente\/wp-json\/wp\/v2\/posts\/16856","targetHints":{"allow":["GET"]}}],"collection":[{"href":"https:\/\/blogs.correiobraziliense.com.br\/vicente\/wp-json\/wp\/v2\/posts"}],"about":[{"href":"https:\/\/blogs.correiobraziliense.com.br\/vicente\/wp-json\/wp\/v2\/types\/post"}],"author":[{"embeddable":true,"href":"https:\/\/blogs.correiobraziliense.com.br\/vicente\/wp-json\/wp\/v2\/users\/22"}],"replies":[{"embeddable":true,"href":"https:\/\/blogs.correiobraziliense.com.br\/vicente\/wp-json\/wp\/v2\/comments?post=16856"}],"version-history":[{"count":8,"href":"https:\/\/blogs.correiobraziliense.com.br\/vicente\/wp-json\/wp\/v2\/posts\/16856\/revisions"}],"predecessor-version":[{"id":16865,"href":"https:\/\/blogs.correiobraziliense.com.br\/vicente\/wp-json\/wp\/v2\/posts\/16856\/revisions\/16865"}],"wp:featuredmedia":[{"embeddable":true,"href":"https:\/\/blogs.correiobraziliense.com.br\/vicente\/wp-json\/wp\/v2\/media\/9651"}],"wp:attachment":[{"href":"https:\/\/blogs.correiobraziliense.com.br\/vicente\/wp-json\/wp\/v2\/media?parent=16856"}],"wp:term":[{"taxonomy":"category","embeddable":true,"href":"https:\/\/blogs.correiobraziliense.com.br\/vicente\/wp-json\/wp\/v2\/categories?post=16856"},{"taxonomy":"post_tag","embeddable":true,"href":"https:\/\/blogs.correiobraziliense.com.br\/vicente\/wp-json\/wp\/v2\/tags?post=16856"}],"curies":[{"name":"wp","href":"https:\/\/api.w.org\/{rel}","templated":true}]}}