{"id":16841,"date":"2020-12-15T17:11:35","date_gmt":"2020-12-15T20:11:35","guid":{"rendered":"https:\/\/blogs.correiobraziliense.com.br\/vicente\/?p=16841"},"modified":"2020-12-15T18:27:15","modified_gmt":"2020-12-15T21:27:15","slug":"itamaraty-realiza-repatriacao-recorde-de-40-mil-brasileiros-em-2020","status":"publish","type":"post","link":"https:\/\/blogs.correiobraziliense.com.br\/vicente\/itamaraty-realiza-repatriacao-recorde-de-40-mil-brasileiros-em-2020\/","title":{"rendered":"Itamaraty realiza repatria\u00e7\u00e3o recorde de 40 mil brasileiros em 2020"},"content":{"rendered":"<p><span style=\"font-weight: 400\">ROSANA HESSEL<\/span><\/p>\n<p>&nbsp;<\/p>\n<p><span style=\"font-weight: 400\">O Minist\u00e9rio das Rela\u00e7\u00f5es Exteriores (MRE) realizou a repatria\u00e7\u00e3o de 40 mil brasileiros em 2020, volume recorde e muito acima da m\u00e9dia anual, de 100 pessoas, de acordo com levantamento feito pelo <\/span><span style=\"font-weight: 400\">Sindicato Nacional dos Servidores do Minist\u00e9rio das Rela\u00e7\u00f5es Exteriores (Sinditamaraty). A entidade usou os dados computados pela pasta at\u00e9 julho.<\/span><\/p>\n<p>&nbsp;<\/p>\n<p><span style=\"font-weight: 400\">Esse contingente acima de qualquer outro j\u00e1 registrado, segundo a entidade, foi repatriado a partir de\u00a0<\/span><span style=\"font-weight: 400\">107 pa\u00edses, durante o auge da pandemia. E<\/span><span style=\"font-weight: 400\">m grande parte, essas pessoas estavam morando l\u00e1 fora por muitos anos e decidiram retornar para o Brasil em meio \u00e0 recess\u00e3o global e o fechamento dos aeroportos. Uma boa parcela tamb\u00e9m inclui turistas que acabaram n\u00e3o conseguindo voltar e precisaram de ajuda do Itamaraty para hospedagem e a alimenta\u00e7\u00e3o durante a espera. O pessoal de chancelaria, por exemplo, mobilizou igrejas e albergues para essa finalidade onde n\u00e3o havia hot\u00e9is abertos.<\/span><\/p>\n<p>&nbsp;<\/p>\n<p><span style=\"font-weight: 400\">Uma das primeiras repatria\u00e7\u00f5es ocorreu no fim de fevereiro, quando um grupo de 34 pessoas desembarcava na base a\u00e9rea de An\u00e1polis, Goi\u00e1s, vindo da regi\u00e3o de Hubai, na China, epicentro da pandemia da covid-19 e que estava em lockdown desde 23 de janeiro. O governo chin\u00eas registrou o primeiro caso da nova doen\u00e7a em novembro de 2019, mas apenas em 31 de dezembro decidiu comunicar ao mundo o que estava acontecendo.<\/span><\/p>\n<p>&nbsp;<\/p>\n<p><span style=\"font-weight: 400\">N<\/span><span style=\"font-weight: 400\">aquele momento, esperava-se no MRE que a repatria\u00e7\u00e3o fosse uma excepcionalidade. Mas, com o n\u00famero crescente de brasileiros no exterior pedindo ajuda para voltar ao pa\u00eds,\u00a0<\/span><span style=\"font-weight: 400\">o MRE teve que realizar v\u00e1rias a\u00e7\u00f5es coordenadas, acionando a For\u00e7a A\u00e9rea Brasileira (FAB) e comprando passagens em voos comerciais de empresas que ainda operavam durante a pandemia. Al\u00e9m disso, a pasta fretou avi\u00f5es e \u00f4nibus, nos casos de pedidos vindos da Am\u00e9rica do Sul.\u00a0O \u00f3rg\u00e3o tamb\u00e9m precisou viabilizar, junto aos diferentes pa\u00edses, a libera\u00e7\u00e3o de voos comerciais impedidos de acontecer.\u00a0<\/span><\/p>\n<p>&nbsp;<\/p>\n<p><span style=\"font-weight: 400\">De acordo com o sindicato, como o or\u00e7amento do Itamaraty \u00e9 um dos menores da Esplanada, a repatria\u00e7\u00e3o foi realizada por meio dos aportes obtidos pelo or\u00e7amento de guerra no combate aos efeitos econ\u00f4micos da pandemia de covid-19. <\/span><span style=\"font-weight: 400\">O custo operacional chegou R$ 50 milh\u00f5es desse or\u00e7amento emergencial, s<\/span><span style=\"font-weight: 400\">egundo a entidade. Ela informou ainda que a desvaloriza\u00e7\u00e3o do real frente ao d\u00f3lar colaborou para que os recursos se esgotassem rapidamente.\u00a0<\/span><\/p>\n<p>&nbsp;<\/p>\n<p><span style=\"font-weight: 400\">A maioria dos servidores do MRE, no Brasil e no mundo, trabalhou em suas resid\u00eancias, sem acesso aos sistemas das embaixadas e demais postos, a telefones e com recursos pr\u00f3prios, segundo a entidade. \u201cNa \u00e9poca foi uma loucura, um momento complicado para os servidores, porque n\u00e3o houve tempo para nos prepararmos\u201d, informou o presidente do Sinditamaraty, Jo\u00e3o Marcelo Melo, em um comunicado. Al\u00e9m do trabalho remoto e, em um primeiro momento, sem a estrutura necess\u00e1ria, os servidores do MRE tamb\u00e9m passaram por dificuldades por conta do n\u00famero reduzido de pessoas.\u00a0\u00a0<\/span><\/p>\n<p><span style=\"font-weight: 400\">\u00a0<\/span><\/p>\n<p><span style=\"font-weight: 400\">Nos \u00faltimos 10 anos, mais de 600 vagas ficaram em aberto devido \u00e0 falta de concursos para recompor o quadro de oficiais de chancelaria que se aposentam, de acordo com o Sinditamaraty.<\/span><\/p>\n<p>&nbsp;<\/p>\n","protected":false},"excerpt":{"rendered":"<p>ROSANA HESSEL &nbsp; O Minist\u00e9rio das Rela\u00e7\u00f5es Exteriores (MRE) realizou a repatria\u00e7\u00e3o de 40 mil brasileiros em 2020, volume recorde e muito acima da m\u00e9dia anual, de 100 pessoas, de acordo com levantamento feito pelo Sindicato Nacional dos Servidores do Minist\u00e9rio das Rela\u00e7\u00f5es Exteriores (Sinditamaraty). A entidade usou os dados computados pela pasta at\u00e9 julho. [&hellip;]<\/p>\n","protected":false},"author":22,"featured_media":10176,"comment_status":"open","ping_status":"closed","sticky":false,"template":"","format":"standard","meta":{"footnotes":""},"categories":[600],"tags":[5098,4918,4561,4510,1268,840],"class_list":["post-16841","post","type-post","status-publish","format-standard","has-post-thumbnail","hentry","category-economia","tag-fab","tag-mre","tag-orcamento-de-guerra","tag-pandemia","tag-repatriacao","tag-sinditamaraty"],"_links":{"self":[{"href":"https:\/\/blogs.correiobraziliense.com.br\/vicente\/wp-json\/wp\/v2\/posts\/16841","targetHints":{"allow":["GET"]}}],"collection":[{"href":"https:\/\/blogs.correiobraziliense.com.br\/vicente\/wp-json\/wp\/v2\/posts"}],"about":[{"href":"https:\/\/blogs.correiobraziliense.com.br\/vicente\/wp-json\/wp\/v2\/types\/post"}],"author":[{"embeddable":true,"href":"https:\/\/blogs.correiobraziliense.com.br\/vicente\/wp-json\/wp\/v2\/users\/22"}],"replies":[{"embeddable":true,"href":"https:\/\/blogs.correiobraziliense.com.br\/vicente\/wp-json\/wp\/v2\/comments?post=16841"}],"version-history":[{"count":3,"href":"https:\/\/blogs.correiobraziliense.com.br\/vicente\/wp-json\/wp\/v2\/posts\/16841\/revisions"}],"predecessor-version":[{"id":16850,"href":"https:\/\/blogs.correiobraziliense.com.br\/vicente\/wp-json\/wp\/v2\/posts\/16841\/revisions\/16850"}],"wp:featuredmedia":[{"embeddable":true,"href":"https:\/\/blogs.correiobraziliense.com.br\/vicente\/wp-json\/wp\/v2\/media\/10176"}],"wp:attachment":[{"href":"https:\/\/blogs.correiobraziliense.com.br\/vicente\/wp-json\/wp\/v2\/media?parent=16841"}],"wp:term":[{"taxonomy":"category","embeddable":true,"href":"https:\/\/blogs.correiobraziliense.com.br\/vicente\/wp-json\/wp\/v2\/categories?post=16841"},{"taxonomy":"post_tag","embeddable":true,"href":"https:\/\/blogs.correiobraziliense.com.br\/vicente\/wp-json\/wp\/v2\/tags?post=16841"}],"curies":[{"name":"wp","href":"https:\/\/api.w.org\/{rel}","templated":true}]}}