{"id":16825,"date":"2020-12-15T12:31:08","date_gmt":"2020-12-15T15:31:08","guid":{"rendered":"https:\/\/blogs.correiobraziliense.com.br\/vicente\/?p=16825"},"modified":"2020-12-15T20:56:01","modified_gmt":"2020-12-15T23:56:01","slug":"governo-fixa-meta-fiscal-em-deficit-de-ate-r-2471-bilhoes-em-2021","status":"publish","type":"post","link":"https:\/\/blogs.correiobraziliense.com.br\/vicente\/governo-fixa-meta-fiscal-em-deficit-de-ate-r-2471-bilhoes-em-2021\/","title":{"rendered":"Governo fixa meta fiscal em deficit de at\u00e9 R$ 247,1 bilh\u00f5es em 2021"},"content":{"rendered":"<p>ROSANA HESSEL<\/p>\n<p>&nbsp;<\/p>\n<p>A equipe econ\u00f4mica fez uma atualiza\u00e7\u00e3o da previs\u00e3o de defcit prim\u00e1rio do governo central previsto no Projeto de Lei de Diretrizes Or\u00e7ament\u00e1rias (PLDO), passando a prever rombo de at\u00e9 R$ 247,1 bilh\u00f5es como nova meta fiscal fixa, abandonando a ideia da meta flex\u00edvel. A proposta ainda passa a prever um sal\u00e1rio m\u00ednimo de R$ 1.088 a partir de janeiro.<\/p>\n<p>&nbsp;<\/p>\n<p>A previs\u00e3o est\u00e1 acima dos R$ 233,6 bilh\u00f5es citados como deficit prim\u00e1rio no Projeto de Lei Or\u00e7ament\u00e1ria Anual (PLOA) de 2021, PLN 28\/20. O valor atualizado do piso salarial \u00e9 R$ 21 acima do proposto em agosto, de R$ 1.067.\u00a0 Os novos dados constam do documento enviado, nesta ter\u00e7a-feira (15\/12) ao Legislativo.<\/p>\n<p>&nbsp;<\/p>\n<p>No PLDO de 2021, o PLN 9\/2020, enviado em abril ao Congresso, o Executivo previa um saldo negativo de R$ 149,6 bilh\u00f5es, ou 1,84% do PIB. Com as mudan\u00e7as no PLDO, o governo passou a prever um rombo das contas p\u00fablicas, resultado da diferen\u00e7a entre receitas e despesas, antes do pagamento de juros, equivalente a 3,16% do Produto Interno Bruto (PIB) projetado para 2021, de R$ 7,8 trilh\u00f5es.<\/p>\n<p>&nbsp;<\/p>\n<p><span style=\"font-weight: 400\">Na proposta do PLDO de 2021, enviada em abril ao Congresso, o governo havia proposto uma meta fiscal flex\u00edvel, mas teve que voltar atr\u00e1s e propor uma meta fiscal fixa, acatando a recomenda\u00e7\u00e3o do Tribunal de Contas da Uni\u00e3o (TCU).\u00a0<\/span><\/p>\n<p>&nbsp;<\/p>\n<p>O governo central \u00e9 composto por Tesouro Nacional, Banco Central e Previd\u00eancia Social. A equipe econ\u00f4mica ainda prev\u00ea que, devido ao aumento dos gastos p\u00fablicas em raz\u00e3o da pandemia de covid-19, o deficit prim\u00e1rio dever\u00e1 chegar a R$ 844,6 bilh\u00f5es o equivalente a 11,7% do PIB, conforme previs\u00e3o do \u00faltimo relat\u00f3rio bimestral de avalia\u00e7\u00e3o de receitas e despesas.<\/p>\n<p>&nbsp;<\/p>\n<p>A vota\u00e7\u00e3o do PLDO de 2021 est\u00e1 previsto para amanh\u00e3, no plen\u00e1rio do Congresso, sem que a mat\u00e9ria seja apreciada pela Comiss\u00e3o Mista de Or\u00e7amento. Contudo, as lideran\u00e7as dos partidos de oposi\u00e7\u00e3o tentam se unir em favor de uma obstru\u00e7\u00e3o da mat\u00e9ria na pauta, mas ainda n\u00e3o h\u00e1 uma formaliza\u00e7\u00e3o dessa medida.<\/p>\n<p>&nbsp;<\/p>\n<p>Logo ap\u00f3s o envio da atualiza\u00e7\u00e3o do PLDO de 2021, o relator da mat\u00e9ria, senador\u00a0senador Iraj\u00e1 (PSD-TO), apresentou o substitutivo ao texto do Executivo de forma virtual aos parlamentares, incluindo os documentos na p\u00e1gina da CMO. No parecer, Iraj\u00e1 j\u00e1 pretendia defender uma meta fiscal fixa para 2021. O documento, inclusive, j\u00e1 incluiu a nova previs\u00e3o de deficit prim\u00e1rio de at\u00e9 R$ 247,1 bilh\u00f5es nas contas do governo central.<\/p>\n","protected":false},"excerpt":{"rendered":"<p>ROSANA HESSEL &nbsp; A equipe econ\u00f4mica fez uma atualiza\u00e7\u00e3o da previs\u00e3o de defcit prim\u00e1rio do governo central previsto no Projeto de Lei de Diretrizes Or\u00e7ament\u00e1rias (PLDO), passando a prever rombo de at\u00e9 R$ 247,1 bilh\u00f5es como nova meta fiscal fixa, abandonando a ideia da meta flex\u00edvel. A proposta ainda passa a prever um sal\u00e1rio m\u00ednimo [&hellip;]<\/p>\n","protected":false},"author":22,"featured_media":13463,"comment_status":"open","ping_status":"closed","sticky":false,"template":"","format":"standard","meta":{"footnotes":""},"categories":[600],"tags":[254,360,565,3278],"class_list":["post-16825","post","type-post","status-publish","format-standard","has-post-thumbnail","hentry","category-economia","tag-congresso","tag-equipe-economica","tag-meta-fiscal","tag-pldo"],"_links":{"self":[{"href":"https:\/\/blogs.correiobraziliense.com.br\/vicente\/wp-json\/wp\/v2\/posts\/16825","targetHints":{"allow":["GET"]}}],"collection":[{"href":"https:\/\/blogs.correiobraziliense.com.br\/vicente\/wp-json\/wp\/v2\/posts"}],"about":[{"href":"https:\/\/blogs.correiobraziliense.com.br\/vicente\/wp-json\/wp\/v2\/types\/post"}],"author":[{"embeddable":true,"href":"https:\/\/blogs.correiobraziliense.com.br\/vicente\/wp-json\/wp\/v2\/users\/22"}],"replies":[{"embeddable":true,"href":"https:\/\/blogs.correiobraziliense.com.br\/vicente\/wp-json\/wp\/v2\/comments?post=16825"}],"version-history":[{"count":11,"href":"https:\/\/blogs.correiobraziliense.com.br\/vicente\/wp-json\/wp\/v2\/posts\/16825\/revisions"}],"predecessor-version":[{"id":16854,"href":"https:\/\/blogs.correiobraziliense.com.br\/vicente\/wp-json\/wp\/v2\/posts\/16825\/revisions\/16854"}],"wp:featuredmedia":[{"embeddable":true,"href":"https:\/\/blogs.correiobraziliense.com.br\/vicente\/wp-json\/wp\/v2\/media\/13463"}],"wp:attachment":[{"href":"https:\/\/blogs.correiobraziliense.com.br\/vicente\/wp-json\/wp\/v2\/media?parent=16825"}],"wp:term":[{"taxonomy":"category","embeddable":true,"href":"https:\/\/blogs.correiobraziliense.com.br\/vicente\/wp-json\/wp\/v2\/categories?post=16825"},{"taxonomy":"post_tag","embeddable":true,"href":"https:\/\/blogs.correiobraziliense.com.br\/vicente\/wp-json\/wp\/v2\/tags?post=16825"}],"curies":[{"name":"wp","href":"https:\/\/api.w.org\/{rel}","templated":true}]}}