{"id":16804,"date":"2020-12-14T17:33:25","date_gmt":"2020-12-14T20:33:25","guid":{"rendered":"https:\/\/blogs.correiobraziliense.com.br\/vicente\/?p=16804"},"modified":"2020-12-14T18:00:58","modified_gmt":"2020-12-14T21:00:58","slug":"bolsonaro-acredita-que-mourao-quer-ser-candidato-a-presidencia-pelo-mdb","status":"publish","type":"post","link":"https:\/\/blogs.correiobraziliense.com.br\/vicente\/bolsonaro-acredita-que-mourao-quer-ser-candidato-a-presidencia-pelo-mdb\/","title":{"rendered":"Bolsonaro acredita que Mour\u00e3o quer ser candidato \u00e0 Presid\u00eancia pelo MDB"},"content":{"rendered":"<h2>O presidente da Rep\u00fablica, Jair Bolsonaro, que v\u00ea fantasmas por todos os lados, acredita que o seu vice, Hamilton Mour\u00e3o, est\u00e1 trabalhando pesado para sair candidato \u00e0 Presid\u00eancia da Rep\u00fablica em 2022. E j\u00e1 estaria negociando tal possibilidade com o o MDB.<\/h2>\n<p>&nbsp;<\/p>\n<p>Esse poss\u00edvel movimento de Mour\u00e3o foi relatado por Bolsonaro a alguns interlocutores, que repassaram a hist\u00f3ria para aliados, inclusive para embaixadores no Brasil de pa\u00edses alinhados com o atual governo. N\u00e3o \u00e0 toa, o presidente decidiu isolar o vice.<\/p>\n<p>&nbsp;<\/p>\n<p>&#8220;Est\u00e1 ficando claro que, ao se contrap\u00f4r ao presidente em v\u00e1rios temas importantes, Mour\u00e3o vem cavando um caminho para voos maiores. Ele n\u00e3o iria para o embate p\u00fablico se n\u00e3o tivesse pretens\u00f5es pol\u00edticas&#8221;, diz um defensor de Bolsonaro. &#8220;Os mais radicais, incluindo os filhos do presidente, falam em trai\u00e7\u00e3o do vice&#8221;, refor\u00e7a.<\/p>\n<p>&nbsp;<\/p>\n<p>Mour\u00e3o \u00e9 filiado, atualmente, ao PRTB, de Levy Fidelix. Mas nada o impede de mudar de partido para ter uma estrutura melhor a fim de se viabilizar politicamente. Por enquanto, o mais prov\u00e1vel \u00e9 que o vice saia como candidato ao Senado pelo Rio Grande do Sul.<\/p>\n<p>&nbsp;<\/p>\n<p><em>Bras\u00edlia, 17h33min<\/em><\/p>\n","protected":false},"excerpt":{"rendered":"<p>O presidente da Rep\u00fablica, Jair Bolsonaro, que v\u00ea fantasmas por todos os lados, acredita que o seu vice, Hamilton Mour\u00e3o, est\u00e1 trabalhando pesado para sair candidato \u00e0 Presid\u00eancia da Rep\u00fablica em 2022. E j\u00e1 estaria negociando tal possibilidade com o o MDB. &nbsp; Esse poss\u00edvel movimento de Mour\u00e3o foi relatado por Bolsonaro a alguns interlocutores, [&hellip;]<\/p>\n","protected":false},"author":22,"featured_media":16805,"comment_status":"open","ping_status":"closed","sticky":false,"template":"","format":"standard","meta":{"footnotes":""},"categories":[600],"tags":[5096,926,2526,2787],"class_list":["post-16804","post","type-post","status-publish","format-standard","has-post-thumbnail","hentry","category-economia","tag-bolsonaro-acredita-que-mourao-quer-ser-candidato-a-presidencia-pelo-mdb","tag-brasilia","tag-poder","tag-politica"],"_links":{"self":[{"href":"https:\/\/blogs.correiobraziliense.com.br\/vicente\/wp-json\/wp\/v2\/posts\/16804","targetHints":{"allow":["GET"]}}],"collection":[{"href":"https:\/\/blogs.correiobraziliense.com.br\/vicente\/wp-json\/wp\/v2\/posts"}],"about":[{"href":"https:\/\/blogs.correiobraziliense.com.br\/vicente\/wp-json\/wp\/v2\/types\/post"}],"author":[{"embeddable":true,"href":"https:\/\/blogs.correiobraziliense.com.br\/vicente\/wp-json\/wp\/v2\/users\/22"}],"replies":[{"embeddable":true,"href":"https:\/\/blogs.correiobraziliense.com.br\/vicente\/wp-json\/wp\/v2\/comments?post=16804"}],"version-history":[{"count":1,"href":"https:\/\/blogs.correiobraziliense.com.br\/vicente\/wp-json\/wp\/v2\/posts\/16804\/revisions"}],"predecessor-version":[{"id":16806,"href":"https:\/\/blogs.correiobraziliense.com.br\/vicente\/wp-json\/wp\/v2\/posts\/16804\/revisions\/16806"}],"wp:featuredmedia":[{"embeddable":true,"href":"https:\/\/blogs.correiobraziliense.com.br\/vicente\/wp-json\/wp\/v2\/media\/16805"}],"wp:attachment":[{"href":"https:\/\/blogs.correiobraziliense.com.br\/vicente\/wp-json\/wp\/v2\/media?parent=16804"}],"wp:term":[{"taxonomy":"category","embeddable":true,"href":"https:\/\/blogs.correiobraziliense.com.br\/vicente\/wp-json\/wp\/v2\/categories?post=16804"},{"taxonomy":"post_tag","embeddable":true,"href":"https:\/\/blogs.correiobraziliense.com.br\/vicente\/wp-json\/wp\/v2\/tags?post=16804"}],"curies":[{"name":"wp","href":"https:\/\/api.w.org\/{rel}","templated":true}]}}