{"id":16801,"date":"2020-12-14T16:51:53","date_gmt":"2020-12-14T19:51:53","guid":{"rendered":"https:\/\/blogs.correiobraziliense.com.br\/vicente\/?p=16801"},"modified":"2020-12-14T17:23:20","modified_gmt":"2020-12-14T20:23:20","slug":"alexandre-ramagem-manda-mais-que-ministros-no-palacio-do-planalto","status":"publish","type":"post","link":"https:\/\/blogs.correiobraziliense.com.br\/vicente\/alexandre-ramagem-manda-mais-que-ministros-no-palacio-do-planalto\/","title":{"rendered":"Alexandre Ramagem manda mais que ministros no Pal\u00e1cio do Planalto"},"content":{"rendered":"<h2>Quem frequenta com assiduidade o Pal\u00e1cio do Planalto garante: o diretor-geral da Ag\u00eancia Brasileira de Intelig\u00eancia (Abin), Alexandre Ramagem, tem mais poder dentro do governo do que muitos ministros. O presidente Jair Bolsonaro n\u00e3o fica um dia sequer sem consultar Ramagem.<\/h2>\n<p>&nbsp;<\/p>\n<p>A raz\u00e3o \u00e9 simples: o diretor-geral da Abin \u00e9, hoje, a principal pe\u00e7a destacada dentro do governo para resolver os problemas dos filhos do presidente, principalmente, do senador Fl\u00e1vio Bolsonaro, acusado pelo Minist\u00e9rio P\u00fablico de chefiar uma organiza\u00e7\u00e3o criminosa por meio do esquema de rachadinhas na Assembleia Legislativa do Rio de Janeiro.<\/p>\n<p>&nbsp;<\/p>\n<p>Ramagem tem apresentado relat\u00f3rios di\u00e1rios a Bolsonaro sobre todos os temas que podem afetar o governo e dado dicar de como enfrentar as acusa\u00e7\u00f5es que pesam sobre os filhos presidenciais. Sabe-se que a Abin teria preparado\u00a0dois relat\u00f3rios para auxiliar a defesa de Bolsonaro no caso das rachadinhas.<\/p>\n<p>&nbsp;<\/p>\n<p>Foi Ramagem, inclusive, que induziu o presidente da Rep\u00fablica a amea\u00e7ar pa\u00edses europeus com a publica\u00e7\u00e3o dos principais compradores de madeira extra\u00edda ilegalmente da Amaz\u00f4nia. Felizmente, Bolsonaro, nesse caso, ficou s\u00f3 na amea\u00e7a.<\/p>\n<p>&nbsp;<\/p>\n<p>Para retribuir tudo o que Ramagem vem fazendo por seus filhos, o presidente ainda sonha em nome\u00e1-lo para o comando da Pol\u00edcia Federal. Para isso, Bolsonaro conta com o arquivamento, pelo Supremo Tribunal Federal (STF), do processo que investiga poss\u00edvel interfer\u00eancia dele na PF, como acusou o ex-ministro da Justi\u00e7a Sergio Moro.<\/p>\n<p>&nbsp;<\/p>\n<p>&#8220;Aqueles que conhecem as entranhas do governo sabem o tamanho do poder de Alexandre Ramagem junto a Bolsonaro. Quase ningu\u00e9m tem coragem de contestar o diretor-geral da Abin com medo de comprar briga com o presidente. Todos sabem o que acontece com quem cai em desgra\u00e7a&#8221;, diz um importante integrante do Planalto.<\/p>\n<p>&nbsp;<\/p>\n<p><em>Bras\u00edlia, 16h51min<\/em><\/p>\n","protected":false},"excerpt":{"rendered":"<p>Quem frequenta com assiduidade o Pal\u00e1cio do Planalto garante: o diretor-geral da Ag\u00eancia Brasileira de Intelig\u00eancia (Abin), Alexandre Ramagem, tem mais poder dentro do governo do que muitos ministros. O presidente Jair Bolsonaro n\u00e3o fica um dia sequer sem consultar Ramagem. &nbsp; A raz\u00e3o \u00e9 simples: o diretor-geral da Abin \u00e9, hoje, a principal pe\u00e7a [&hellip;]<\/p>\n","protected":false},"author":22,"featured_media":16802,"comment_status":"open","ping_status":"closed","sticky":false,"template":"","format":"standard","meta":{"footnotes":""},"categories":[600],"tags":[5095,926,589,2526,2787],"class_list":["post-16801","post","type-post","status-publish","format-standard","has-post-thumbnail","hentry","category-economia","tag-alexandre-ramagem-manda-mais-que-ministros-no-palacio-do-planalto","tag-brasilia","tag-economia","tag-poder","tag-politica"],"_links":{"self":[{"href":"https:\/\/blogs.correiobraziliense.com.br\/vicente\/wp-json\/wp\/v2\/posts\/16801","targetHints":{"allow":["GET"]}}],"collection":[{"href":"https:\/\/blogs.correiobraziliense.com.br\/vicente\/wp-json\/wp\/v2\/posts"}],"about":[{"href":"https:\/\/blogs.correiobraziliense.com.br\/vicente\/wp-json\/wp\/v2\/types\/post"}],"author":[{"embeddable":true,"href":"https:\/\/blogs.correiobraziliense.com.br\/vicente\/wp-json\/wp\/v2\/users\/22"}],"replies":[{"embeddable":true,"href":"https:\/\/blogs.correiobraziliense.com.br\/vicente\/wp-json\/wp\/v2\/comments?post=16801"}],"version-history":[{"count":1,"href":"https:\/\/blogs.correiobraziliense.com.br\/vicente\/wp-json\/wp\/v2\/posts\/16801\/revisions"}],"predecessor-version":[{"id":16803,"href":"https:\/\/blogs.correiobraziliense.com.br\/vicente\/wp-json\/wp\/v2\/posts\/16801\/revisions\/16803"}],"wp:featuredmedia":[{"embeddable":true,"href":"https:\/\/blogs.correiobraziliense.com.br\/vicente\/wp-json\/wp\/v2\/media\/16802"}],"wp:attachment":[{"href":"https:\/\/blogs.correiobraziliense.com.br\/vicente\/wp-json\/wp\/v2\/media?parent=16801"}],"wp:term":[{"taxonomy":"category","embeddable":true,"href":"https:\/\/blogs.correiobraziliense.com.br\/vicente\/wp-json\/wp\/v2\/categories?post=16801"},{"taxonomy":"post_tag","embeddable":true,"href":"https:\/\/blogs.correiobraziliense.com.br\/vicente\/wp-json\/wp\/v2\/tags?post=16801"}],"curies":[{"name":"wp","href":"https:\/\/api.w.org\/{rel}","templated":true}]}}