{"id":16784,"date":"2020-12-14T11:40:20","date_gmt":"2020-12-14T14:40:20","guid":{"rendered":"https:\/\/blogs.correiobraziliense.com.br\/vicente\/?p=16784"},"modified":"2020-12-14T11:47:24","modified_gmt":"2020-12-14T14:47:24","slug":"itau-unibanco-eleva-de-3-para-35-previsao-para-a-selic-em-2021","status":"publish","type":"post","link":"https:\/\/blogs.correiobraziliense.com.br\/vicente\/itau-unibanco-eleva-de-3-para-35-previsao-para-a-selic-em-2021\/","title":{"rendered":"Ita\u00fa Unibanco eleva de 3% para 3,5% previs\u00e3o para a Selic em 2021"},"content":{"rendered":"<p>ROSANA HESSEL<\/p>\n<p>&nbsp;<\/p>\n<p>Ao apresentar a revis\u00e3o de cen\u00e1rio para o Brasil, elevando as proje\u00e7\u00f5es de infla\u00e7\u00e3o de 2020 e de 2021, o Ita\u00fa Unibanco passou a prever taxa b\u00e1sica de juros (Selic) de 3,5% anuais no fim do pr\u00f3ximo ano, em vez de 3%. A taxa anteriormente prevista era equivalente \u00e0 mediana das estimativas do mercado computada no boletim Fucus, do Banco Central.<\/p>\n<p>&nbsp;<\/p>\n<p>O banco estima alta de 4,4% no \u00cdndice de Pre\u00e7os ao Consumidor Amplo (IPCA), indicador da infla\u00e7\u00e3o oficial, de 2020. O dado est\u00e1 acima da meta de 4% determinada pelo Conselho Monet\u00e1rio Nacional (CMN) para este ano, mas abaixo do teto para o custo de vida, de 5,5%. Para 2021, a previs\u00e3o do Ita\u00fa Unibanco para o IPCA passou de 3,1% para 3,3%, mesmo patamar previsto para 2022, &#8220;devido \u00e0 maior in\u00e9rcia inflacion\u00e1ria&#8221;. A previs\u00e3o para a alta do IGP-M, indicador usado para o reajuste do aluguel, \u00e9 de 24,5%, neste ano, passando para 4% nos dois anos seguintes.<\/p>\n<p>&nbsp;<\/p>\n<p>&#8220;Para\u00a02021, destacamos que o momento e o ritmo de\u00a0eleva\u00e7\u00e3o da taxa de juros depender\u00e3o da evolu\u00e7\u00e3o da\u00a0infla\u00e7\u00e3o no primeiro trimestre do ano que vem.\u00a0O risco de alta da Selic no primeiro semestre permanece, com o Banco Central vigilante quanto \u00e0s novas surpresas de infla\u00e7\u00e3o&#8221;, destacou o documento\u00a0 da equipe liderada da institui\u00e7\u00e3o financeira pelo economista-chefe Mario Mesquita divulgado nesta segunda-feira (14\/11). As medianas do Focus para o IPCA de 2020 e de 2021 est\u00e3o em 4,35% e 3,34%, respectivamente.<\/p>\n<p>&nbsp;<\/p>\n<p>&#8220;A proje\u00e7\u00e3o mais alta da infla\u00e7\u00e3o incorpora o aumento na conta de luz em dezembro e com a previs\u00e3o de press\u00f5es nos pre\u00e7os de\u00a0passagem a\u00e9rea e educa\u00e7\u00e3o. &#8220;Al\u00e9m disso, a infla\u00e7\u00e3o de alimentos deve\u00a0terminar o ano em alta, ainda que desacelerando um\u00a0ouco na margem&#8221;, apostou o banco.<\/p>\n<p>&nbsp;<\/p>\n<p>O Ita\u00fa Unibanco reduziu de R$ 5 para 4,75% a proje\u00e7\u00e3o para a taxa de c\u00e2mbio em 2021, devido ao cen\u00e1rio global mais benigno para os ativos de risco de pa\u00edses emergentes e a uma aposta de redu\u00e7\u00e3o da incerteza fiscal. Para 2022, o banco tamb\u00e9m projeta a mesma taxa de R$ 4,75 para o d\u00f3lar.<\/p>\n<p>&nbsp;<\/p>\n<p>A institui\u00e7\u00e3o ainda prev\u00ea um cen\u00e1rio preocupante para o mercado de trabalho, devido ao aumento no n\u00famero de pessoas procurando emprego. O banco estima taxa de desemprego chegando ao n\u00edvel recorde de 15,3%, em dezembro de 2020, e continuando nesse mesmo patamar ao longo de 2021. Um recuo para 14,2% est\u00e1 previsto apenas no fim de 2022.\u00a0 &#8220;O\u00a0emprego j\u00e1 come\u00e7ou a crescer, ap\u00f3s as quedas\u00a0intensas observadas no segundo trimestre de 2020, e esperamos que\u00a0continue se recuperando \u00e0 frente, em linha com o\u00a0cen\u00e1rio de alta da atividade econ\u00f4mica. No entanto, a\u00a0taxa de participa\u00e7\u00e3o tamb\u00e9m deve se recuperar,\u00a0impedindo que a taxa de desemprego recue j\u00e1 em 2021&#8221;, explicou.<\/p>\n<p>&nbsp;<\/p>\n<p><strong>Rombo fiscal menor<\/strong><\/p>\n<p>&nbsp;<\/p>\n<p>A institui\u00e7\u00e3o financeira reduziu as perspectivas de rombo fiscal deste ano e do pr\u00f3ximo, apesar de reconhecer os riscos de uma segunda onda de cont\u00e1gio da pandemia da covid-19. As estimativas de deficit prim\u00e1rio das contas do governo em 2020 passaram de 11,7% do Produto Interno Bruto (PIB), o equivalente a R$ 850 bilh\u00f5es, para 10,6% do PIB, ou R$ 800 bilh\u00f5es.<\/p>\n<p>&nbsp;<\/p>\n<p>Para 2021, a previs\u00e3o de rombo das contas p\u00fablicas passou de 2,5% do PIB, ou R$ 200 bilh\u00f5es, para 2,1% do PIB, ou R$ 180 bilh\u00f5es. Para 2022, a institui\u00e7\u00e3o prev\u00ea deficit prim\u00e1rio de 1,5% do PIB, ou R$ 140 bilh\u00f5es.\u00a0 &#8220;A revis\u00e3o de 2020 decorre de um menor\u00a0impacto fiscal com o chamado or\u00e7amento de guerra, principalmente, com o pagamento acima do esperado do\u00a0diferimento de impostos pelas empresas e de um melhor\u00a0resultado com estados, munic\u00edpios e empresas estatais&#8221;, justificou o relat\u00f3rio.<\/p>\n<p>&nbsp;<\/p>\n<p>Na avalia\u00e7\u00e3o do Ita\u00fa Unibanco, o teto de gastos &#8212; emenda constitucional que limita o aumento das despesas \u00e0 infla\u00e7\u00e3o do ano anterior &#8212; ser\u00e1 cumprido em 2021 e em 2022, &#8220;apesar do .cen\u00e1rio desafiador&#8221;. &#8220;No ano que vem, a<br \/>\nincerteza quanto ao seu cumprimento deve permanecer at\u00e9 mar\u00e7o, quando esperamos que o Or\u00e7amento do ano<br \/>\nseja aprovado, prevendo a manuten\u00e7\u00e3o em termos\u00a0nominais do gasto discricion\u00e1rio frente a 2020&#8221;.<\/p>\n<p>&nbsp;<\/p>\n<p>A institui\u00e7\u00e3o manteve as proje\u00e7\u00f5es de queda do PIB de 4,1% para 2020 e de crescimento de 4% em 2021, &#8220;com vi\u00e9s de alta&#8221;. Para 2022, projeta expans\u00e3o de 2,5% na economia.<\/p>\n<p>&nbsp;<\/p>\n<p>A mediana das estimativas do mercado para a queda do PIB deste ano reve pouca varia\u00e7\u00e3o nesta semana em rela\u00e7\u00e3o \u00e0 semana passada, passando de 4,40% para 4,41%, segundo o boletim Focus, do BC. J\u00e1 a mediana da previs\u00e3o de crescimento em 2021 foi mantida em 3,5%.<\/p>\n<p>&nbsp;<\/p>\n","protected":false},"excerpt":{"rendered":"<p>ROSANA HESSEL &nbsp; Ao apresentar a revis\u00e3o de cen\u00e1rio para o Brasil, elevando as proje\u00e7\u00f5es de infla\u00e7\u00e3o de 2020 e de 2021, o Ita\u00fa Unibanco passou a prever taxa b\u00e1sica de juros (Selic) de 3,5% anuais no fim do pr\u00f3ximo ano, em vez de 3%. A taxa anteriormente prevista era equivalente \u00e0 mediana das estimativas [&hellip;]<\/p>\n","protected":false},"author":22,"featured_media":15102,"comment_status":"open","ping_status":"closed","sticky":false,"template":"","format":"standard","meta":{"footnotes":""},"categories":[600],"tags":[3,589,1212,4510,58,34],"class_list":["post-16784","post","type-post","status-publish","format-standard","has-post-thumbnail","hentry","category-economia","tag-banco-central","tag-economia","tag-itau-unibanco","tag-pandemia","tag-pib","tag-selic"],"_links":{"self":[{"href":"https:\/\/blogs.correiobraziliense.com.br\/vicente\/wp-json\/wp\/v2\/posts\/16784","targetHints":{"allow":["GET"]}}],"collection":[{"href":"https:\/\/blogs.correiobraziliense.com.br\/vicente\/wp-json\/wp\/v2\/posts"}],"about":[{"href":"https:\/\/blogs.correiobraziliense.com.br\/vicente\/wp-json\/wp\/v2\/types\/post"}],"author":[{"embeddable":true,"href":"https:\/\/blogs.correiobraziliense.com.br\/vicente\/wp-json\/wp\/v2\/users\/22"}],"replies":[{"embeddable":true,"href":"https:\/\/blogs.correiobraziliense.com.br\/vicente\/wp-json\/wp\/v2\/comments?post=16784"}],"version-history":[{"count":9,"href":"https:\/\/blogs.correiobraziliense.com.br\/vicente\/wp-json\/wp\/v2\/posts\/16784\/revisions"}],"predecessor-version":[{"id":16790,"href":"https:\/\/blogs.correiobraziliense.com.br\/vicente\/wp-json\/wp\/v2\/posts\/16784\/revisions\/16790"}],"wp:featuredmedia":[{"embeddable":true,"href":"https:\/\/blogs.correiobraziliense.com.br\/vicente\/wp-json\/wp\/v2\/media\/15102"}],"wp:attachment":[{"href":"https:\/\/blogs.correiobraziliense.com.br\/vicente\/wp-json\/wp\/v2\/media?parent=16784"}],"wp:term":[{"taxonomy":"category","embeddable":true,"href":"https:\/\/blogs.correiobraziliense.com.br\/vicente\/wp-json\/wp\/v2\/categories?post=16784"},{"taxonomy":"post_tag","embeddable":true,"href":"https:\/\/blogs.correiobraziliense.com.br\/vicente\/wp-json\/wp\/v2\/tags?post=16784"}],"curies":[{"name":"wp","href":"https:\/\/api.w.org\/{rel}","templated":true}]}}