{"id":16770,"date":"2020-12-11T19:27:40","date_gmt":"2020-12-11T22:27:40","guid":{"rendered":"https:\/\/blogs.correiobraziliense.com.br\/vicente\/?p=16770"},"modified":"2020-12-11T20:57:10","modified_gmt":"2020-12-11T23:57:10","slug":"stj-cassa-liminar-e-libera-avanco-da-privatizacao-da-ceb-distribuicao","status":"publish","type":"post","link":"https:\/\/blogs.correiobraziliense.com.br\/vicente\/stj-cassa-liminar-e-libera-avanco-da-privatizacao-da-ceb-distribuicao\/","title":{"rendered":"STJ cassa liminar e libera avan\u00e7o da privatiza\u00e7\u00e3o da CEB Distribui\u00e7\u00e3o"},"content":{"rendered":"<h2>O presidente do Superior Tribunal de Justi\u00e7a (STJ), ministro Humberto Martins, cassou a liminar que impendia o andamento do processo de privatiza\u00e7\u00e3o da CEB Distribui\u00e7\u00e3o, ocorrido em 4 de dezembro na Bolsa de Valores de S\u00e3o Paulo (B3).<\/h2>\n<p>&nbsp;<\/p>\n<p>No entender de Martins, a concretiza\u00e7\u00e3o do neg\u00f3cio, que movimentou mais de R$ 2,5 bilh\u00f5es, dos quais 80% ir\u00e3o para os cofres do Governo do Distrito Federal (GDF),\u00a0permitir\u00e1 que in\u00fameros investimentos e de pol\u00edticas p\u00fablicas sejam realizados, al\u00e9m de refor\u00e7ar o caixa de outras subsidi\u00e1rias do grupo CEB, respons\u00e1veis pela gera\u00e7\u00e3o de energia.<\/p>\n<p>&nbsp;<\/p>\n<p>Para o ministro, \u00e9 importante ressaltar o\u00a0grave comprometimento da economia p\u00fablica se a privatiza\u00e7\u00e3o da CEB Distribui\u00e7\u00e3o fosse suspensa, diante da combalidas finan\u00e7as do Distrito Federal. Ele acrescenta, ainda, que a n\u00e3o concretiza\u00e7\u00e3o da desestatiza\u00e7\u00e3o da empresa \u00e9 uma &#8220;ofensa \u00e0 seguran\u00e7a e \u00e0 ordem p\u00fablica, tendo em vista a prola\u00e7\u00e3o de decis\u00e3o liminar h\u00e1 apenas algumas horas do leil\u00e3o&#8221; da companhia, suspendendo a efic\u00e1cia de uma delibera\u00e7\u00e3o da assembleia extraordin\u00e1ria da companhia, &#8220;cuja validade j\u00e1 havia sido confirmada pelo Tribunal de Contas do Distrito Federal; em liminar, pelo Ju\u00edzo da 4\u00aa Vara C\u00edvel de Bras\u00edlia; em liminar, pelo Ju\u00edzo da 7\u00aa Vara da Fazenda P\u00fablica do Distrito Federal; e, em reclama\u00e7\u00e3o, pelo Supremo Tribunal Federal&#8221;.<\/p>\n<p>&nbsp;<\/p>\n<p>Em sua decis\u00e3o, Martins afirma, tamb\u00e9m, o risco de a interfer\u00eancia do Judici\u00e1rio em decis\u00f5es do Executivo. &#8220;Est\u00e1 caracterizada a les\u00e3o \u00e0 ordem p\u00fablica e \u00e0 economia p\u00fablica, na medida em que o Poder Judici\u00e1rio, imiscuindo-se na seara administrativa, substitui o Poder Executivo ao interferir na execu\u00e7\u00e3o da pol\u00edtica p\u00fablica desenhada de privatiza\u00e7\u00e3o da CEB, bem como desconsidera a presun\u00e7\u00e3o de legalidade do ato administrativo, al\u00e9m da verifica\u00e7\u00e3o de impacto financeiro aos cofres p\u00fablicos distritais diante do fato de ter sido bem-sucedido o leil\u00e3o, com vultosa arrecada\u00e7\u00e3o de valores pecuni\u00e1rios, que, ao final, reverter\u00e3o em prol de toda a sociedade, destinat\u00e1ria final de todas as atividades estatais desempenhadas&#8221;.<\/p>\n<p>&nbsp;<\/p>\n<p>Com a decis\u00e3o do STJ, o GDF poder\u00e1 concluir o processo de privatiza\u00e7\u00e3o da CEB Distribui\u00e7\u00e3o e homologar a vit\u00f3ria do grupo Neoenergia. Feito isso, ser\u00e1 dado um prazo de 30 dias para que interessados tentem impugnar o neg\u00f3cio. Se tudo correr nos conformes, os futuros controladores da empresa de energia do Distrito Federal, que atende 1 milh\u00e3o de consumidores, encaminhar\u00e3o \u00e0 Ag\u00eancia Nacional de Energia El\u00e9trica (Aneel) o pedido para assumir a concess\u00e3o dos servi\u00e7os.<\/p>\n<p>&nbsp;<\/p>\n<p><em>Bras\u00edlia, 19h27min<\/em><\/p>\n","protected":false},"excerpt":{"rendered":"<p>O presidente do Superior Tribunal de Justi\u00e7a (STJ), ministro Humberto Martins, cassou a liminar que impendia o andamento do processo de privatiza\u00e7\u00e3o da CEB Distribui\u00e7\u00e3o, ocorrido em 4 de dezembro na Bolsa de Valores de S\u00e3o Paulo (B3). &nbsp; No entender de Martins, a concretiza\u00e7\u00e3o do neg\u00f3cio, que movimentou mais de R$ 2,5 bilh\u00f5es, dos [&hellip;]<\/p>\n","protected":false},"author":22,"featured_media":16061,"comment_status":"open","ping_status":"closed","sticky":false,"template":"","format":"standard","meta":{"footnotes":""},"categories":[600],"tags":[589,4943,2787,5090],"class_list":["post-16770","post","type-post","status-publish","format-standard","has-post-thumbnail","hentry","category-economia","tag-economia","tag-financas","tag-politica","tag-stj-cassa-liminar-e-libera-avanco-da-privatizacao-da-ceb-distribuidora"],"_links":{"self":[{"href":"https:\/\/blogs.correiobraziliense.com.br\/vicente\/wp-json\/wp\/v2\/posts\/16770","targetHints":{"allow":["GET"]}}],"collection":[{"href":"https:\/\/blogs.correiobraziliense.com.br\/vicente\/wp-json\/wp\/v2\/posts"}],"about":[{"href":"https:\/\/blogs.correiobraziliense.com.br\/vicente\/wp-json\/wp\/v2\/types\/post"}],"author":[{"embeddable":true,"href":"https:\/\/blogs.correiobraziliense.com.br\/vicente\/wp-json\/wp\/v2\/users\/22"}],"replies":[{"embeddable":true,"href":"https:\/\/blogs.correiobraziliense.com.br\/vicente\/wp-json\/wp\/v2\/comments?post=16770"}],"version-history":[{"count":3,"href":"https:\/\/blogs.correiobraziliense.com.br\/vicente\/wp-json\/wp\/v2\/posts\/16770\/revisions"}],"predecessor-version":[{"id":16775,"href":"https:\/\/blogs.correiobraziliense.com.br\/vicente\/wp-json\/wp\/v2\/posts\/16770\/revisions\/16775"}],"wp:featuredmedia":[{"embeddable":true,"href":"https:\/\/blogs.correiobraziliense.com.br\/vicente\/wp-json\/wp\/v2\/media\/16061"}],"wp:attachment":[{"href":"https:\/\/blogs.correiobraziliense.com.br\/vicente\/wp-json\/wp\/v2\/media?parent=16770"}],"wp:term":[{"taxonomy":"category","embeddable":true,"href":"https:\/\/blogs.correiobraziliense.com.br\/vicente\/wp-json\/wp\/v2\/categories?post=16770"},{"taxonomy":"post_tag","embeddable":true,"href":"https:\/\/blogs.correiobraziliense.com.br\/vicente\/wp-json\/wp\/v2\/tags?post=16770"}],"curies":[{"name":"wp","href":"https:\/\/api.w.org\/{rel}","templated":true}]}}