{"id":16766,"date":"2020-12-11T17:21:37","date_gmt":"2020-12-11T20:21:37","guid":{"rendered":"https:\/\/blogs.correiobraziliense.com.br\/vicente\/?p=16766"},"modified":"2020-12-11T17:44:17","modified_gmt":"2020-12-11T20:44:17","slug":"integrantes-do-planalto-admitem-que-doria-esta-vencendo-bolsonaro-na-guerra-das-vacinas","status":"publish","type":"post","link":"https:\/\/blogs.correiobraziliense.com.br\/vicente\/integrantes-do-planalto-admitem-que-doria-esta-vencendo-bolsonaro-na-guerra-das-vacinas\/","title":{"rendered":"Integrantes do Planalto admitem que Doria est\u00e1 vencendo Bolsonaro na guerra das vacinas"},"content":{"rendered":"<h2>Com discri\u00e7\u00e3o, para n\u00e3o serem punidos, assessores do presidente Jair Bolsonaro admitem que ele est\u00e1 perdendo a guerra das vacinas para o governador de S\u00e3o Paulo, Jo\u00e3o Doria. N\u00e3o por acaso, o governo federal quer, agora, assumir o controle sobre a distribui\u00e7\u00e3o dos imunizantes contra a covid-19.<\/h2>\n<p>&nbsp;<\/p>\n<p>Nas pesquisas internas de opini\u00e3o e com base em manifesta\u00e7\u00f5es colhidas nas redes sociais, o Planalto identificou que Doria assumiu o comando dos debates sobre as vacinas contra a covid-19 ao marcar data (25 de janeiro de 2021) para o in\u00edcio do processo de imuniza\u00e7\u00e3o em S\u00e3o Paulo.<\/p>\n<p>&nbsp;<\/p>\n<p>Ao assumir a responsabilidade de proteger os paulistas, Doria escancarou a falta de estrat\u00e9gia do governo federal para enfrentar a crise sanit\u00e1ria provocada pelo novo coronav\u00edrus. A situa\u00e7\u00e3o ficou pior para Bolsonaro porque ele simplesmente ignorou a import\u00e2ncia de o governo federal apresentar um programa nacional de imuniza\u00e7\u00e3o.<\/p>\n<p>&nbsp;<\/p>\n<p>O despreparo do governo ganhou ainda mais relev\u00e2ncia diante dos desencontros de informa\u00e7\u00f5es dadas pelo ministro da Sa\u00fade, Eduardo Pazuello, que, ao aceitar as loucuras do chefe, meteu os p\u00e9s pelas m\u00e3os e perdeu o pouco da credibilidade de que ainda dispunha.<\/p>\n<p>&nbsp;<\/p>\n<p>Segundo assessores do Planalto, s\u00e3o muitas as declara\u00e7\u00f5es coletadas de que, se S\u00e3o Paulo come\u00e7ar a vacina\u00e7\u00e3o antes dos demais estados, muita gente vai se deslocar para a regi\u00e3o comandada por Doria. Isso, inclusive, est\u00e1 assustando v\u00e1rios governadores.<\/p>\n<p>&nbsp;<\/p>\n<p>Agora, no desespero, o governo admite que pode editar uma Medida Provis\u00f3ria para &#8220;centralizar&#8221; a distribui\u00e7\u00e3o de vacinas. Doria, que de bobo n\u00e3o tem nada, j\u00e1 classificou essa centraliza\u00e7\u00e3o de &#8220;confisco de vacinas&#8221; e, mais uma vez, est\u00e1 nadando de bra\u00e7ada ante o despreparo de Bolsonaro.<\/p>\n<p>&nbsp;<\/p>\n<p><em>Bras\u00edlia, 17h21min<\/em><\/p>\n","protected":false},"excerpt":{"rendered":"<p>Com discri\u00e7\u00e3o, para n\u00e3o serem punidos, assessores do presidente Jair Bolsonaro admitem que ele est\u00e1 perdendo a guerra das vacinas para o governador de S\u00e3o Paulo, Jo\u00e3o Doria. N\u00e3o por acaso, o governo federal quer, agora, assumir o controle sobre a distribui\u00e7\u00e3o dos imunizantes contra a covid-19. &nbsp; Nas pesquisas internas de opini\u00e3o e com [&hellip;]<\/p>\n","protected":false},"author":22,"featured_media":16767,"comment_status":"open","ping_status":"closed","sticky":false,"template":"","format":"standard","meta":{"footnotes":""},"categories":[600],"tags":[5089,2526,2787,579],"class_list":["post-16766","post","type-post","status-publish","format-standard","has-post-thumbnail","hentry","category-economia","tag-integrantes-do-planalto-admitem-que-doria-esta-vencendo-bolsonaro-na-guerra-das-vacinas","tag-poder","tag-politica","tag-saude"],"_links":{"self":[{"href":"https:\/\/blogs.correiobraziliense.com.br\/vicente\/wp-json\/wp\/v2\/posts\/16766","targetHints":{"allow":["GET"]}}],"collection":[{"href":"https:\/\/blogs.correiobraziliense.com.br\/vicente\/wp-json\/wp\/v2\/posts"}],"about":[{"href":"https:\/\/blogs.correiobraziliense.com.br\/vicente\/wp-json\/wp\/v2\/types\/post"}],"author":[{"embeddable":true,"href":"https:\/\/blogs.correiobraziliense.com.br\/vicente\/wp-json\/wp\/v2\/users\/22"}],"replies":[{"embeddable":true,"href":"https:\/\/blogs.correiobraziliense.com.br\/vicente\/wp-json\/wp\/v2\/comments?post=16766"}],"version-history":[{"count":2,"href":"https:\/\/blogs.correiobraziliense.com.br\/vicente\/wp-json\/wp\/v2\/posts\/16766\/revisions"}],"predecessor-version":[{"id":16769,"href":"https:\/\/blogs.correiobraziliense.com.br\/vicente\/wp-json\/wp\/v2\/posts\/16766\/revisions\/16769"}],"wp:featuredmedia":[{"embeddable":true,"href":"https:\/\/blogs.correiobraziliense.com.br\/vicente\/wp-json\/wp\/v2\/media\/16767"}],"wp:attachment":[{"href":"https:\/\/blogs.correiobraziliense.com.br\/vicente\/wp-json\/wp\/v2\/media?parent=16766"}],"wp:term":[{"taxonomy":"category","embeddable":true,"href":"https:\/\/blogs.correiobraziliense.com.br\/vicente\/wp-json\/wp\/v2\/categories?post=16766"},{"taxonomy":"post_tag","embeddable":true,"href":"https:\/\/blogs.correiobraziliense.com.br\/vicente\/wp-json\/wp\/v2\/tags?post=16766"}],"curies":[{"name":"wp","href":"https:\/\/api.w.org\/{rel}","templated":true}]}}