{"id":16763,"date":"2020-12-11T17:15:26","date_gmt":"2020-12-11T20:15:26","guid":{"rendered":"https:\/\/blogs.correiobraziliense.com.br\/vicente\/?p=16763"},"modified":"2020-12-11T17:15:40","modified_gmt":"2020-12-11T20:15:40","slug":"internado-com-principio-de-infarto-mario-frias-estava-com-sintomas-de-covid","status":"publish","type":"post","link":"https:\/\/blogs.correiobraziliense.com.br\/vicente\/internado-com-principio-de-infarto-mario-frias-estava-com-sintomas-de-covid\/","title":{"rendered":"Internado com princ\u00edpio de infarto, Mario Frias estava com sintomas de covid"},"content":{"rendered":"<h2>O secret\u00e1rio especial da Cultura, Mario Frias, que foi internado \u00e0s pressas nesta sexta-feira (11\/12) com princ\u00edpio de infarto, vinha apresentando sintomas de covid-19. Ele, inclusive, suspendeu quase toda a sua agenda durante esta semana por estar se sentido mal.<\/h2>\n<p>&nbsp;<\/p>\n<p>N\u00e3o se sabe, ainda, se o infarto pode ser uma consequ\u00eancia do novo coronav\u00edrus.<\/p>\n<p>&nbsp;<\/p>\n<p>Frias, de 49 anos, foi submetido a um procedimento de cateterismo, para desobstru\u00e7\u00e3o de art\u00e9rias.\u00a0A informa\u00e7\u00e3o sobre o infarto foi divulgada pela Secretaria de Comunica\u00e7\u00e3o da Presid\u00eancia. Pela nota, o secret\u00e1rio deu entrada no Hospital Santa Luzia, em Bras\u00edlia.<\/p>\n<p>&nbsp;<\/p>\n<p>O ator tomou posse no cargo de secret\u00e1rio especial de Cultura em junho, em substitui\u00e7\u00e3o a Regina Duarte. Ele sempre era um \u00e1rduo defensor do presidente Jair Bolsonaro nas redes sociais antes de ser chamado para o governo.<\/p>\n<p>&nbsp;<\/p>\n<p>A secretaria de Frias \u00e9 subordinada ao Minist\u00e9rio do Turismo. O ator nasceu no Rio de Janeiro e come\u00e7ou sua carreira na d\u00e9cada de 1990, na novela &#8220;Malha\u00e7\u00e3o&#8221;, da TV Globo.<\/p>\n","protected":false},"excerpt":{"rendered":"<p>O secret\u00e1rio especial da Cultura, Mario Frias, que foi internado \u00e0s pressas nesta sexta-feira (11\/12) com princ\u00edpio de infarto, vinha apresentando sintomas de covid-19. Ele, inclusive, suspendeu quase toda a sua agenda durante esta semana por estar se sentido mal. &nbsp; N\u00e3o se sabe, ainda, se o infarto pode ser uma consequ\u00eancia do novo coronav\u00edrus. [&hellip;]<\/p>\n","protected":false},"author":22,"featured_media":16764,"comment_status":"open","ping_status":"closed","sticky":false,"template":"","format":"standard","meta":{"footnotes":""},"categories":[600],"tags":[926,5087,5088,2526,2787],"class_list":["post-16763","post","type-post","status-publish","format-standard","has-post-thumbnail","hentry","category-economia","tag-brasilia","tag-internado-com-principio-de-infarto","tag-mario-frias-estava-com-sintomas-de-covid","tag-poder","tag-politica"],"_links":{"self":[{"href":"https:\/\/blogs.correiobraziliense.com.br\/vicente\/wp-json\/wp\/v2\/posts\/16763","targetHints":{"allow":["GET"]}}],"collection":[{"href":"https:\/\/blogs.correiobraziliense.com.br\/vicente\/wp-json\/wp\/v2\/posts"}],"about":[{"href":"https:\/\/blogs.correiobraziliense.com.br\/vicente\/wp-json\/wp\/v2\/types\/post"}],"author":[{"embeddable":true,"href":"https:\/\/blogs.correiobraziliense.com.br\/vicente\/wp-json\/wp\/v2\/users\/22"}],"replies":[{"embeddable":true,"href":"https:\/\/blogs.correiobraziliense.com.br\/vicente\/wp-json\/wp\/v2\/comments?post=16763"}],"version-history":[{"count":1,"href":"https:\/\/blogs.correiobraziliense.com.br\/vicente\/wp-json\/wp\/v2\/posts\/16763\/revisions"}],"predecessor-version":[{"id":16765,"href":"https:\/\/blogs.correiobraziliense.com.br\/vicente\/wp-json\/wp\/v2\/posts\/16763\/revisions\/16765"}],"wp:featuredmedia":[{"embeddable":true,"href":"https:\/\/blogs.correiobraziliense.com.br\/vicente\/wp-json\/wp\/v2\/media\/16764"}],"wp:attachment":[{"href":"https:\/\/blogs.correiobraziliense.com.br\/vicente\/wp-json\/wp\/v2\/media?parent=16763"}],"wp:term":[{"taxonomy":"category","embeddable":true,"href":"https:\/\/blogs.correiobraziliense.com.br\/vicente\/wp-json\/wp\/v2\/categories?post=16763"},{"taxonomy":"post_tag","embeddable":true,"href":"https:\/\/blogs.correiobraziliense.com.br\/vicente\/wp-json\/wp\/v2\/tags?post=16763"}],"curies":[{"name":"wp","href":"https:\/\/api.w.org\/{rel}","templated":true}]}}