{"id":16760,"date":"2020-12-10T18:01:35","date_gmt":"2020-12-10T21:01:35","guid":{"rendered":"https:\/\/blogs.correiobraziliense.com.br\/vicente\/?p=16760"},"modified":"2020-12-10T19:57:08","modified_gmt":"2020-12-10T22:57:08","slug":"mercado-ja-ve-dolar-oscilando-entre-r-450-e-r-475","status":"publish","type":"post","link":"https:\/\/blogs.correiobraziliense.com.br\/vicente\/mercado-ja-ve-dolar-oscilando-entre-r-450-e-r-475\/","title":{"rendered":"Mercado j\u00e1 v\u00ea d\u00f3lar oscilando entre R$ 4,50 e R$ 4,75"},"content":{"rendered":"<h2>Operadores do mercado financeiro j\u00e1 veem o d\u00f3lar sendo negociado entre R$ 4,50 e R$ 4,75 se o governo n\u00e3o fizer nenhuma estripulia na \u00e1rea fiscal. Segundo o economista-chefe do Banco BV, Roberto Padovani, tecnicamente, a moeda norte-americana est\u00e1 mais para R$ 4,50 do que para R$ 5,50. Nesta quinta-feira (10\/12), o d\u00f3lar foi cotado a R$ 5,037, com baixa de 2,63%, o menor patamar desde 12 de junho.<\/h2>\n<p>&nbsp;<\/p>\n<p>Padovani reconhece que o c\u00e2mbio est\u00e1 muito vol\u00e1til, porque h\u00e1 muita cautela em rela\u00e7\u00e3o ao contexto atual de incertezas provocadas pela pandemia do novo coronav\u00edrus. Contudo, h\u00e1 a consci\u00eancia de que um d\u00f3lar a R$ 5,80, como se observou semanas atr\u00e1s, est\u00e1 descolado da realidade.<\/p>\n<p>&nbsp;<\/p>\n<p>Para o economista, os fundamentos sugerem um d\u00f3lar a R$ 4,50. E lista os motivos: a moeda norte-americana est\u00e1 caindo em todo o mundo, o euro est\u00e1 se valorizando, os pre\u00e7os das commodities est\u00e3o em alta, o risco Brasil est\u00e1 em baixa e os juros no pa\u00eds v\u00e3o subir.<\/p>\n<p>&nbsp;<\/p>\n<p>N\u00e3o \u00e9 s\u00f3: em novembro, as elei\u00e7\u00f5es nos Estados Unidos afastaram o risco de uma crise geopol\u00edtica com a vit\u00f3ria do democrata Joe Biden sobre Donald Trump e est\u00e1 sobrando dinheiro no mercado internacional, por causa dos pacotes de incentivos \u00e0 economia nos Estados Unidos, na Europa e no Jap\u00e3o.<\/p>\n<p>&nbsp;<\/p>\n<p>Esse fluxo de recursos est\u00e1 migrando para pa\u00edses emergentes, entre eles, o Brasil. Parte do dinheiro \u00e9 especulativa, de curto prazo, mas h\u00e1 uma parcela que est\u00e1 mais tranquila porque o ministro da Economia, Paulo Guedes, est\u00e1 conseguindo brecar todas as loucuras que surgem no governo na \u00e1rea fiscal.<\/p>\n<p>&nbsp;<\/p>\n<p>Nesta quinta, o d\u00f3lar foi puxado para baixo, sobretudo, pela venda de contratos de swap cambial pelo Banco Central e por causa da decis\u00e3o do Comit\u00ea de Pol\u00edtica Monet\u00e1ria (Copom) de avisar que est\u00e1 preparando o terreno para a alta da taxa b\u00e1sica de juros (Selic), h\u00e1 meses no piso de 2% ao ano. Juros mais altos atraem recursos de fora.<\/p>\n<p>&nbsp;<\/p>\n<p><em>Bras\u00edlia, 18h01min<\/em><\/p>\n","protected":false},"excerpt":{"rendered":"<p>Operadores do mercado financeiro j\u00e1 veem o d\u00f3lar sendo negociado entre R$ 4,50 e R$ 4,75 se o governo n\u00e3o fizer nenhuma estripulia na \u00e1rea fiscal. Segundo o economista-chefe do Banco BV, Roberto Padovani, tecnicamente, a moeda norte-americana est\u00e1 mais para R$ 4,50 do que para R$ 5,50. Nesta quinta-feira (10\/12), o d\u00f3lar foi cotado [&hellip;]<\/p>\n","protected":false},"author":22,"featured_media":11588,"comment_status":"open","ping_status":"closed","sticky":false,"template":"","format":"standard","meta":{"footnotes":""},"categories":[600],"tags":[5086,1412,589,4943,5085,2787],"class_list":["post-16760","post","type-post","status-publish","format-standard","has-post-thumbnail","hentry","category-economia","tag-50-e-r-4","tag-1412","tag-economia","tag-financas","tag-mercado-ja-ve-dolar-oscilando-entre-r-4","tag-politica"],"_links":{"self":[{"href":"https:\/\/blogs.correiobraziliense.com.br\/vicente\/wp-json\/wp\/v2\/posts\/16760","targetHints":{"allow":["GET"]}}],"collection":[{"href":"https:\/\/blogs.correiobraziliense.com.br\/vicente\/wp-json\/wp\/v2\/posts"}],"about":[{"href":"https:\/\/blogs.correiobraziliense.com.br\/vicente\/wp-json\/wp\/v2\/types\/post"}],"author":[{"embeddable":true,"href":"https:\/\/blogs.correiobraziliense.com.br\/vicente\/wp-json\/wp\/v2\/users\/22"}],"replies":[{"embeddable":true,"href":"https:\/\/blogs.correiobraziliense.com.br\/vicente\/wp-json\/wp\/v2\/comments?post=16760"}],"version-history":[{"count":2,"href":"https:\/\/blogs.correiobraziliense.com.br\/vicente\/wp-json\/wp\/v2\/posts\/16760\/revisions"}],"predecessor-version":[{"id":16762,"href":"https:\/\/blogs.correiobraziliense.com.br\/vicente\/wp-json\/wp\/v2\/posts\/16760\/revisions\/16762"}],"wp:featuredmedia":[{"embeddable":true,"href":"https:\/\/blogs.correiobraziliense.com.br\/vicente\/wp-json\/wp\/v2\/media\/11588"}],"wp:attachment":[{"href":"https:\/\/blogs.correiobraziliense.com.br\/vicente\/wp-json\/wp\/v2\/media?parent=16760"}],"wp:term":[{"taxonomy":"category","embeddable":true,"href":"https:\/\/blogs.correiobraziliense.com.br\/vicente\/wp-json\/wp\/v2\/categories?post=16760"},{"taxonomy":"post_tag","embeddable":true,"href":"https:\/\/blogs.correiobraziliense.com.br\/vicente\/wp-json\/wp\/v2\/tags?post=16760"}],"curies":[{"name":"wp","href":"https:\/\/api.w.org\/{rel}","templated":true}]}}