{"id":16758,"date":"2020-12-10T13:09:13","date_gmt":"2020-12-10T16:09:13","guid":{"rendered":"https:\/\/blogs.correiobraziliense.com.br\/vicente\/?p=16758"},"modified":"2020-12-10T16:30:53","modified_gmt":"2020-12-10T19:30:53","slug":"bolsonaro-nao-acredita-que-o-banco-central-aumentara-juros-tao-cedo","status":"publish","type":"post","link":"https:\/\/blogs.correiobraziliense.com.br\/vicente\/bolsonaro-nao-acredita-que-o-banco-central-aumentara-juros-tao-cedo\/","title":{"rendered":"Bolsonaro n\u00e3o acredita que o Banco Central aumentar\u00e1 juros t\u00e3o cedo"},"content":{"rendered":"<h2>Apesar de o Banco Central j\u00e1 ter avisado que est\u00e1 se preparando para aumentar a taxa b\u00e1sica de juros (Selic), o presidente Jair Bolsonaro disse a aliados que n\u00e3o acredita em uma mudan\u00e7a t\u00e3o cedo da pol\u00edtica monet\u00e1ria. &#8220;Acredito que o Roberto (Campos Neto) far\u00e1 isso t\u00e3o cedo&#8221;, afirmou o chefe do Executivo, segundo relatos ao <strong>Blog<\/strong>.<\/h2>\n<p>&nbsp;<\/p>\n<p>Em comunicado ap\u00f3s a reuni\u00e3o do Comit\u00ea de Pol\u00edtica Monet\u00e1ria (Copom) na quarta-feira, o BC ressaltou a sua preocupa\u00e7\u00e3o com os rumos da infla\u00e7\u00e3o, cujas proje\u00e7\u00f5es para 2022, ano para o qual a pol\u00edtica monet\u00e1ria vai mirar, est\u00e3o muito pr\u00f3ximas do centro da meta.<\/p>\n<p>&nbsp;<\/p>\n<p>O BC acredita que precisa agir para controlar as expectativas, que v\u00eam se deteriorando rapidamente. A perspectiva da institui\u00e7\u00e3o era de que a infla\u00e7\u00e3o, muito concentrada em alimentos, perdesse for\u00e7a neste fim de ano. Mas n\u00e3o \u00e9 o que se est\u00e1 vendo. Em novembro, bateu em 0,89% e pode chegar a 1,27% em dezembro.<\/p>\n<p>&nbsp;<\/p>\n<p>Para Bolsonaro, os juros nos menores n\u00edveis da hist\u00f3ria, de 2% ao ano, s\u00e3o um trunfo pol\u00edtico. Portanto, no entender dele, n\u00e3o \u00e9 o momento de perd\u00ea-lo, sobretudo porque uma eventual alta ser\u00e1 atrelada \u00e0 incapacidade do governo de conter os reajustes disseminados de pre\u00e7os.<\/p>\n<p>&nbsp;<\/p>\n<p>O presidente, por sinal, disse a defensores que \u00e9 melhor &#8220;a infla\u00e7\u00e3o alta do que o desabastecimento&#8221;, numa refer\u00eancia ao aumento do consumo durante a pandemia, sobretudo de alimentos. O Banco Central, por\u00e9m, est\u00e1 convencido de que n\u00e3o d\u00e1 mais para ser t\u00e3o leniente com a alta do custo de vida.<\/p>\n<p>&nbsp;<\/p>\n<p><em>Bras\u00edlia, 13h09min<\/em><\/p>\n","protected":false},"excerpt":{"rendered":"<p>Apesar de o Banco Central j\u00e1 ter avisado que est\u00e1 se preparando para aumentar a taxa b\u00e1sica de juros (Selic), o presidente Jair Bolsonaro disse a aliados que n\u00e3o acredita em uma mudan\u00e7a t\u00e3o cedo da pol\u00edtica monet\u00e1ria. &#8220;Acredito que o Roberto (Campos Neto) far\u00e1 isso t\u00e3o cedo&#8221;, afirmou o chefe do Executivo, segundo relatos [&hellip;]<\/p>\n","protected":false},"author":22,"featured_media":11454,"comment_status":"open","ping_status":"closed","sticky":false,"template":"","format":"standard","meta":{"footnotes":""},"categories":[600],"tags":[5084,589,4943,2787],"class_list":["post-16758","post","type-post","status-publish","format-standard","has-post-thumbnail","hentry","category-economia","tag-bolsonaro-nao-acredita-que-o-banco-central-aumentara-juros-tao-cedo","tag-economia","tag-financas","tag-politica"],"_links":{"self":[{"href":"https:\/\/blogs.correiobraziliense.com.br\/vicente\/wp-json\/wp\/v2\/posts\/16758","targetHints":{"allow":["GET"]}}],"collection":[{"href":"https:\/\/blogs.correiobraziliense.com.br\/vicente\/wp-json\/wp\/v2\/posts"}],"about":[{"href":"https:\/\/blogs.correiobraziliense.com.br\/vicente\/wp-json\/wp\/v2\/types\/post"}],"author":[{"embeddable":true,"href":"https:\/\/blogs.correiobraziliense.com.br\/vicente\/wp-json\/wp\/v2\/users\/22"}],"replies":[{"embeddable":true,"href":"https:\/\/blogs.correiobraziliense.com.br\/vicente\/wp-json\/wp\/v2\/comments?post=16758"}],"version-history":[{"count":1,"href":"https:\/\/blogs.correiobraziliense.com.br\/vicente\/wp-json\/wp\/v2\/posts\/16758\/revisions"}],"predecessor-version":[{"id":16759,"href":"https:\/\/blogs.correiobraziliense.com.br\/vicente\/wp-json\/wp\/v2\/posts\/16758\/revisions\/16759"}],"wp:featuredmedia":[{"embeddable":true,"href":"https:\/\/blogs.correiobraziliense.com.br\/vicente\/wp-json\/wp\/v2\/media\/11454"}],"wp:attachment":[{"href":"https:\/\/blogs.correiobraziliense.com.br\/vicente\/wp-json\/wp\/v2\/media?parent=16758"}],"wp:term":[{"taxonomy":"category","embeddable":true,"href":"https:\/\/blogs.correiobraziliense.com.br\/vicente\/wp-json\/wp\/v2\/categories?post=16758"},{"taxonomy":"post_tag","embeddable":true,"href":"https:\/\/blogs.correiobraziliense.com.br\/vicente\/wp-json\/wp\/v2\/tags?post=16758"}],"curies":[{"name":"wp","href":"https:\/\/api.w.org\/{rel}","templated":true}]}}