{"id":16755,"date":"2020-12-10T12:43:10","date_gmt":"2020-12-10T15:43:10","guid":{"rendered":"https:\/\/blogs.correiobraziliense.com.br\/vicente\/?p=16755"},"modified":"2020-12-10T16:05:45","modified_gmt":"2020-12-10T19:05:45","slug":"o-mercado-financeiro-comecar-a-abracar-arthur-lira","status":"publish","type":"post","link":"https:\/\/blogs.correiobraziliense.com.br\/vicente\/o-mercado-financeiro-comecar-a-abracar-arthur-lira\/","title":{"rendered":"O mercado financeiro come\u00e7ar a abra\u00e7ar Arthur Lira"},"content":{"rendered":"<h2>Que os integrantes do mercado financeiro, em sua maioria, sempre abra\u00e7aram o presidente da C\u00e2mara, Rodrigo Maia, n\u00e3o h\u00e1 d\u00favidas. Mas como os donos do dinheiro n\u00e3o t\u00eam ideologia, parte deles j\u00e1 come\u00e7a a abra\u00e7ar a candidatura do deputado Arthur Lira para o comando da C\u00e2mara.<\/h2>\n<p>&nbsp;<\/p>\n<p>&#8220;\u00c9 pragmatismo&#8221;, diz o gestor de um dos maiores fundos de investimentos do pa\u00eds. Ele explica que, com Arthur Lira \u00e0 frente da C\u00e2mara, ficar\u00e1 mais f\u00e1cil para o ministro da Economia, Paulo Guedes, levar \u00e0 frente a agenda econ\u00f4mica com vistas ao ajuste fiscal. &#8220;N\u00e3o \u00e9 segredo para ningu\u00e9m que Guedes e Maia n\u00e3o se bicam h\u00e1 muito tempo&#8221;, acrescenta.<\/p>\n<p>&nbsp;<\/p>\n<p>Os analistas dizem que \u00e9 importante que o Congresso tenha uma boa sintonia com o governo, o que n\u00e3o ocorre h\u00e1 muito tempo. &#8220;Maia tem sido um empecilho para essa boa rela\u00e7\u00e3o&#8221;, ressalta outro gestor. &#8220;Reconhecemos que Maia \u00e9 defensor ferrenho da agenda liberal do mercado, mas uma coisa \u00e9 defender, outra \u00e9 se tornar um entrave para aprov\u00e1-la&#8221;, emenda.<\/p>\n<p>&nbsp;<\/p>\n<p>Todos reconhecem que, com Lira \u00e0 frente da C\u00e2mara, o Congresso ficar\u00e1 mais fisiol\u00f3gico e que o governo ter\u00e1 de ampliar as benesses para assegurar o apoio que precisa. &#8220;Mas, tamb\u00e9m, aumentam as chances de o governo aprovar projetos importantes para a economia. O presidente Jair Bolsonaro vai querer mostrar servi\u00e7o&#8221;, diz um operador de um banco estrangeiro.<\/p>\n<p>&nbsp;<\/p>\n<p>&#8220;Se Lira sair vitorioso no primeiro turno da elei\u00e7\u00e3o para a C\u00e2mara, Bolsonaro ganhar\u00e1 um enorme f\u00f4lego pol\u00edtico. Ele entrou de cabe\u00e7a nesse projeto de derrotar Maia. Agora, que esse empenho seja revertido em aprova\u00e7\u00e3o de projetos na \u00e1rea econ\u00f4mica e n\u00e3o apenas da agenda de costumes&#8221;, frisa o operador de banco.<\/p>\n<p>&nbsp;<\/p>\n<p><em>Bras\u00edlia, 12h43min<\/em><\/p>\n","protected":false},"excerpt":{"rendered":"<p>Que os integrantes do mercado financeiro, em sua maioria, sempre abra\u00e7aram o presidente da C\u00e2mara, Rodrigo Maia, n\u00e3o h\u00e1 d\u00favidas. Mas como os donos do dinheiro n\u00e3o t\u00eam ideologia, parte deles j\u00e1 come\u00e7a a abra\u00e7ar a candidatura do deputado Arthur Lira para o comando da C\u00e2mara. &nbsp; &#8220;\u00c9 pragmatismo&#8221;, diz o gestor de um dos [&hellip;]<\/p>\n","protected":false},"author":22,"featured_media":16756,"comment_status":"open","ping_status":"closed","sticky":false,"template":"","format":"standard","meta":{"footnotes":""},"categories":[600],"tags":[254,589,5083,2526,2787],"class_list":["post-16755","post","type-post","status-publish","format-standard","has-post-thumbnail","hentry","category-economia","tag-congresso","tag-economia","tag-o-mercado-financeiro-comecar-a-abracar-arthur-lira","tag-poder","tag-politica"],"_links":{"self":[{"href":"https:\/\/blogs.correiobraziliense.com.br\/vicente\/wp-json\/wp\/v2\/posts\/16755","targetHints":{"allow":["GET"]}}],"collection":[{"href":"https:\/\/blogs.correiobraziliense.com.br\/vicente\/wp-json\/wp\/v2\/posts"}],"about":[{"href":"https:\/\/blogs.correiobraziliense.com.br\/vicente\/wp-json\/wp\/v2\/types\/post"}],"author":[{"embeddable":true,"href":"https:\/\/blogs.correiobraziliense.com.br\/vicente\/wp-json\/wp\/v2\/users\/22"}],"replies":[{"embeddable":true,"href":"https:\/\/blogs.correiobraziliense.com.br\/vicente\/wp-json\/wp\/v2\/comments?post=16755"}],"version-history":[{"count":1,"href":"https:\/\/blogs.correiobraziliense.com.br\/vicente\/wp-json\/wp\/v2\/posts\/16755\/revisions"}],"predecessor-version":[{"id":16757,"href":"https:\/\/blogs.correiobraziliense.com.br\/vicente\/wp-json\/wp\/v2\/posts\/16755\/revisions\/16757"}],"wp:featuredmedia":[{"embeddable":true,"href":"https:\/\/blogs.correiobraziliense.com.br\/vicente\/wp-json\/wp\/v2\/media\/16756"}],"wp:attachment":[{"href":"https:\/\/blogs.correiobraziliense.com.br\/vicente\/wp-json\/wp\/v2\/media?parent=16755"}],"wp:term":[{"taxonomy":"category","embeddable":true,"href":"https:\/\/blogs.correiobraziliense.com.br\/vicente\/wp-json\/wp\/v2\/categories?post=16755"},{"taxonomy":"post_tag","embeddable":true,"href":"https:\/\/blogs.correiobraziliense.com.br\/vicente\/wp-json\/wp\/v2\/tags?post=16755"}],"curies":[{"name":"wp","href":"https:\/\/api.w.org\/{rel}","templated":true}]}}