{"id":16750,"date":"2020-12-09T18:45:25","date_gmt":"2020-12-09T21:45:25","guid":{"rendered":"https:\/\/blogs.correiobraziliense.com.br\/vicente\/?p=16750"},"modified":"2020-12-09T19:29:30","modified_gmt":"2020-12-09T22:29:30","slug":"bc-avisa-que-esta-pronto-para-mudar-a-politica-de-juros-baixos","status":"publish","type":"post","link":"https:\/\/blogs.correiobraziliense.com.br\/vicente\/bc-avisa-que-esta-pronto-para-mudar-a-politica-de-juros-baixos\/","title":{"rendered":"BC avisa que est\u00e1 pronto para mudar a pol\u00edtica de juros baixos"},"content":{"rendered":"<h2>O Comit\u00ea de Pol\u00edtica Monet\u00e1ria (Copom) do Banco Central manteve a taxa b\u00e1sica de juros (Selic) em 2% ao ano, o n\u00edvel mais baixo da hist\u00f3ria, mas deixou claro, no comunicado p\u00f3s-reuni\u00e3o desta quarta-feira, que est\u00e1 pronto para mudar sua posi\u00e7\u00e3o se a infla\u00e7\u00e3o, que est\u00e1 em disparada, n\u00e3o der tr\u00e9gua.<\/h2>\n<p>&nbsp;<\/p>\n<p>Segundo o BC, desde que adotou o seu forward guidance, observou uma revers\u00e3o na tend\u00eancia de queda das expectativas de infla\u00e7\u00e3o em rela\u00e7\u00e3o \u00e0s metas definidas pelo Conselho Monet\u00e1rio Nacional (CMN). Quer dizer, os agentes de mercado passaram a projetar \u00edndices de infla\u00e7\u00e3o mais altos para os pr\u00f3ximos anos.<\/p>\n<p>&nbsp;<\/p>\n<p>Em 2020, por exemplo, a expectativa \u00e9 de que o \u00cdndice de Pre\u00e7os ao Consumidor Amplo (IPCA) crave alta de 4,4%, acima, portanto, do objetivo de 4% perseguido pelo BC. Em 2021, o centro da meta foi fixado em 3,75%, caindo sistematicamente ano ap\u00f3s ano. Portanto, n\u00e3o ser\u00e1 uma taxa de juros de 2% que manter\u00e1 a infla\u00e7\u00e3o dentro da meta.<\/p>\n<p>&nbsp;<\/p>\n<p>O Copom ressalta ainda, no comunicado p\u00f3s-reuni\u00e3o, que, brevemente, o ano de 2021 perder\u00e1 relev\u00e2ncia para a defini\u00e7\u00e3o de pol\u00edtica monet\u00e1ria, passando 2022 a guiar as decis\u00f5es sobre a Selic. E, para 2022, ano de elei\u00e7\u00f5es, as expectativas de infla\u00e7\u00e3o est\u00e3o pr\u00f3ximas do centro da meta, de 3,5%.<\/p>\n<p>&nbsp;<\/p>\n<p>Sendo assim, diz o BC, &#8220;a\u00a0manuten\u00e7\u00e3o desse cen\u00e1rio de converg\u00eancia da infla\u00e7\u00e3o sugere que, em breve, as condi\u00e7\u00f5es para a manuten\u00e7\u00e3o do forward guidance podem n\u00e3o mais ser satisfeitas&#8221;. E acrescenta: &#8220;No cen\u00e1rio de retirada do forward guidance, a condu\u00e7\u00e3o da pol\u00edtica monet\u00e1ria seguir\u00e1 o receitu\u00e1rio do regime de metas para a infla\u00e7\u00e3o, baseado na an\u00e1lise da infla\u00e7\u00e3o prospectiva e de seu balan\u00e7o de riscos&#8221;.<\/p>\n<p>&nbsp;<\/p>\n<p>Para o Banco Central, no entanto, neste momento, \u00e9 adequado &#8220;o\u00a0atual n\u00edvel extraordinariamente elevado de est\u00edmulo monet\u00e1rio que vem sendo produzido pela manuten\u00e7\u00e3o da taxa b\u00e1sica de juros em 2% ao ano e pelo forward guidance. O BC ressalta, tamb\u00e9m, que, por ora, n\u00e3o pretende reduzir o grau de est\u00edmulo monet\u00e1rio, desde que determinadas condi\u00e7\u00f5es sejam satisfeitas.<\/p>\n<p>&nbsp;<\/p>\n<p>&#8220;Copom avalia que essas condi\u00e7\u00f5es seguem satisfeitas. Apesar da eleva\u00e7\u00e3o desde a \u00faltima reuni\u00e3o, em particular para o ano de 2021, as expectativas de infla\u00e7\u00e3o, assim como as proje\u00e7\u00f5es de infla\u00e7\u00e3o de seu cen\u00e1rio b\u00e1sico, permanecem abaixo da meta de infla\u00e7\u00e3o para o horizonte relevante de pol\u00edtica monet\u00e1ria; o regime fiscal n\u00e3o foi alterado; e as expectativas de infla\u00e7\u00e3o de longo prazo permanecem ancoradas.&#8221;<\/p>\n<p>&nbsp;<\/p>\n<p><em>Bras\u00edlia, 18h45min<\/em><\/p>\n<p>&nbsp;<\/p>\n","protected":false},"excerpt":{"rendered":"<p>O Comit\u00ea de Pol\u00edtica Monet\u00e1ria (Copom) do Banco Central manteve a taxa b\u00e1sica de juros (Selic) em 2% ao ano, o n\u00edvel mais baixo da hist\u00f3ria, mas deixou claro, no comunicado p\u00f3s-reuni\u00e3o desta quarta-feira, que est\u00e1 pronto para mudar sua posi\u00e7\u00e3o se a infla\u00e7\u00e3o, que est\u00e1 em disparada, n\u00e3o der tr\u00e9gua. &nbsp; Segundo o BC, [&hellip;]<\/p>\n","protected":false},"author":22,"featured_media":15102,"comment_status":"open","ping_status":"closed","sticky":false,"template":"","format":"standard","meta":{"footnotes":""},"categories":[600],"tags":[5082,589,4,2787],"class_list":["post-16750","post","type-post","status-publish","format-standard","has-post-thumbnail","hentry","category-economia","tag-bc-avisa-que-esta-pronto-para-mudar-a-politica-de-juros-baixo","tag-economia","tag-juros","tag-politica"],"_links":{"self":[{"href":"https:\/\/blogs.correiobraziliense.com.br\/vicente\/wp-json\/wp\/v2\/posts\/16750","targetHints":{"allow":["GET"]}}],"collection":[{"href":"https:\/\/blogs.correiobraziliense.com.br\/vicente\/wp-json\/wp\/v2\/posts"}],"about":[{"href":"https:\/\/blogs.correiobraziliense.com.br\/vicente\/wp-json\/wp\/v2\/types\/post"}],"author":[{"embeddable":true,"href":"https:\/\/blogs.correiobraziliense.com.br\/vicente\/wp-json\/wp\/v2\/users\/22"}],"replies":[{"embeddable":true,"href":"https:\/\/blogs.correiobraziliense.com.br\/vicente\/wp-json\/wp\/v2\/comments?post=16750"}],"version-history":[{"count":3,"href":"https:\/\/blogs.correiobraziliense.com.br\/vicente\/wp-json\/wp\/v2\/posts\/16750\/revisions"}],"predecessor-version":[{"id":16753,"href":"https:\/\/blogs.correiobraziliense.com.br\/vicente\/wp-json\/wp\/v2\/posts\/16750\/revisions\/16753"}],"wp:featuredmedia":[{"embeddable":true,"href":"https:\/\/blogs.correiobraziliense.com.br\/vicente\/wp-json\/wp\/v2\/media\/15102"}],"wp:attachment":[{"href":"https:\/\/blogs.correiobraziliense.com.br\/vicente\/wp-json\/wp\/v2\/media?parent=16750"}],"wp:term":[{"taxonomy":"category","embeddable":true,"href":"https:\/\/blogs.correiobraziliense.com.br\/vicente\/wp-json\/wp\/v2\/categories?post=16750"},{"taxonomy":"post_tag","embeddable":true,"href":"https:\/\/blogs.correiobraziliense.com.br\/vicente\/wp-json\/wp\/v2\/tags?post=16750"}],"curies":[{"name":"wp","href":"https:\/\/api.w.org\/{rel}","templated":true}]}}