{"id":16744,"date":"2020-12-09T11:35:12","date_gmt":"2020-12-09T14:35:12","guid":{"rendered":"https:\/\/blogs.correiobraziliense.com.br\/vicente\/?p=16744"},"modified":"2020-12-09T12:49:44","modified_gmt":"2020-12-09T15:49:44","slug":"ministerio-da-economia-abre-processo-de-compra-de-postos-para-carros-eletricos","status":"publish","type":"post","link":"https:\/\/blogs.correiobraziliense.com.br\/vicente\/ministerio-da-economia-abre-processo-de-compra-de-postos-para-carros-eletricos\/","title":{"rendered":"Minist\u00e9rio da Economia abre processo de compra de postos para carros el\u00e9tricos"},"content":{"rendered":"<h2>Dentro de um processo de contrapartida em coopera\u00e7\u00e3o t\u00e9cnica com o Governo do Distrito Federal (GDF) para o compartilhamento de carros el\u00e9tricos, o Minist\u00e9rio da Economia abriu licita\u00e7\u00e3o para a compra de equipamentos a fim de instalar seis postos para abastecer os ve\u00edculos.<\/h2>\n<p>&nbsp;<\/p>\n<p>Pelo preg\u00e3o n\u00b0 19\/2020 (<a href=\"http:\/\/www.in.gov.br\/web\/dou\/-\/aviso-de-licitacao-293011346\">http:\/\/www.in.gov.br\/web\/dou\/-\/aviso-de-licitacao-293011346<\/a>), lan\u00e7ado nesta quarta-feira (09\/12), os eletropostos ter\u00e3o de permitir a recarga simult\u00e2nea de dois ve\u00edculos el\u00e9tricos em locais p\u00fablicos.<\/p>\n<p>&nbsp;<\/p>\n<p>O Minist\u00e9rio da Economia informa que a licita\u00e7\u00e3o \u00e9 uma das medidas previstas no Acordo de Coopera\u00e7\u00e3o T\u00e9cnica (ACT) assinado, em 11 de setembro, com o GDF, dentro do projeto-piloto Vem DF. Assim, o uso dos carros el\u00e9tricos para deslocamento a servi\u00e7o, que j\u00e1\u00a0 existe no governo distrital, ser\u00e1 estendido aos servidores federais.<\/p>\n<p>&nbsp;<\/p>\n<p>\u201cEstamos avan\u00e7ando no modelo de compartilhamento de ve\u00edculos, agora com utiliza\u00e7\u00e3o da mobilidade el\u00e9trica, que vai fomentar a cadeia produtiva neste segmento e modernizar ainda mais o transporte no setor p\u00fablico. Tamb\u00e9m vamos economizar recursos e contribuir para a sustentabilidade do transporte urbano\u201d, diz Caio Paes de Andrade, Secret\u00e1rio Especial de Desburocratiza\u00e7\u00e3o, Gest\u00e3o e Governo Digital do Minist\u00e9rio da Economia.<\/p>\n<p>&nbsp;<\/p>\n<p>Segundo ele, uma das metas do acordo \u00e9 a amplia\u00e7\u00e3o da \u00e1rea de circula\u00e7\u00e3o dos ve\u00edculos por meio de instala\u00e7\u00f5es de eletropostos, que est\u00e1 sob responsabilidade do Minist\u00e9rio da Economia. Os seis eletropostos ser\u00e3o instalados na Esplanada dos Minist\u00e9rios e em outros locais estrat\u00e9gicos do Distrito Federal.<\/p>\n<p>&nbsp;<\/p>\n<p>O processo prev\u00ea que, ao GDF, caber\u00e1 compartilhar os ve\u00edculos el\u00e9tricos, os carregadores e o software de gest\u00e3o e monitoramento. Atualmente, h\u00e1 16 ve\u00edculos el\u00e9tricos que rodam no DF. A previs\u00e3o \u00e9 de que dois carros cumpram trajetos exclusivos pela Esplanada, al\u00e9m dos demais que j\u00e1 realizam o transporte administrativo por outras localidades de Bras\u00edlia.<\/p>\n<p>&nbsp;<\/p>\n<p>O minist\u00e9rio informa que a iniciativa est\u00e1 alinhada \u00e0 Lei n\u00ba 13.755\/2018, conhecida como Rota 2030, que fixa os requisitos obrigat\u00f3rios para a comercializa\u00e7\u00e3o de ve\u00edculos no Brasil. Entre as diretrizes est\u00e3o o incremento da efici\u00eancia energ\u00e9tica, o desempenho estrutural e a disponibilidade de tecnologias assistivas; o est\u00edmulo \u00e0 produ\u00e7\u00e3o de novas tecnologias e inova\u00e7\u00f5es; a promo\u00e7\u00e3o do uso de biocombust\u00edveis e de formas alternativas de propuls\u00e3o; al\u00e9m da valoriza\u00e7\u00e3o da matriz energ\u00e9tica brasileira.<\/p>\n<p>&nbsp;<\/p>\n<p><em>Bras\u00edlia, 11h35min<\/em><\/p>\n","protected":false},"excerpt":{"rendered":"<p>Dentro de um processo de contrapartida em coopera\u00e7\u00e3o t\u00e9cnica com o Governo do Distrito Federal (GDF) para o compartilhamento de carros el\u00e9tricos, o Minist\u00e9rio da Economia abriu licita\u00e7\u00e3o para a compra de equipamentos a fim de instalar seis postos para abastecer os ve\u00edculos. &nbsp; Pelo preg\u00e3o n\u00b0 19\/2020 (http:\/\/www.in.gov.br\/web\/dou\/-\/aviso-de-licitacao-293011346), lan\u00e7ado nesta quarta-feira (09\/12), os eletropostos [&hellip;]<\/p>\n","protected":false},"author":22,"featured_media":16745,"comment_status":"open","ping_status":"closed","sticky":false,"template":"","format":"standard","meta":{"footnotes":""},"categories":[600],"tags":[589,5081,2526,2787],"class_list":["post-16744","post","type-post","status-publish","format-standard","has-post-thumbnail","hentry","category-economia","tag-economia","tag-ministerio-da-economia-abre-processo-de-compra-de-postos-para-carros-eletricos","tag-poder","tag-politica"],"_links":{"self":[{"href":"https:\/\/blogs.correiobraziliense.com.br\/vicente\/wp-json\/wp\/v2\/posts\/16744","targetHints":{"allow":["GET"]}}],"collection":[{"href":"https:\/\/blogs.correiobraziliense.com.br\/vicente\/wp-json\/wp\/v2\/posts"}],"about":[{"href":"https:\/\/blogs.correiobraziliense.com.br\/vicente\/wp-json\/wp\/v2\/types\/post"}],"author":[{"embeddable":true,"href":"https:\/\/blogs.correiobraziliense.com.br\/vicente\/wp-json\/wp\/v2\/users\/22"}],"replies":[{"embeddable":true,"href":"https:\/\/blogs.correiobraziliense.com.br\/vicente\/wp-json\/wp\/v2\/comments?post=16744"}],"version-history":[{"count":4,"href":"https:\/\/blogs.correiobraziliense.com.br\/vicente\/wp-json\/wp\/v2\/posts\/16744\/revisions"}],"predecessor-version":[{"id":16749,"href":"https:\/\/blogs.correiobraziliense.com.br\/vicente\/wp-json\/wp\/v2\/posts\/16744\/revisions\/16749"}],"wp:featuredmedia":[{"embeddable":true,"href":"https:\/\/blogs.correiobraziliense.com.br\/vicente\/wp-json\/wp\/v2\/media\/16745"}],"wp:attachment":[{"href":"https:\/\/blogs.correiobraziliense.com.br\/vicente\/wp-json\/wp\/v2\/media?parent=16744"}],"wp:term":[{"taxonomy":"category","embeddable":true,"href":"https:\/\/blogs.correiobraziliense.com.br\/vicente\/wp-json\/wp\/v2\/categories?post=16744"},{"taxonomy":"post_tag","embeddable":true,"href":"https:\/\/blogs.correiobraziliense.com.br\/vicente\/wp-json\/wp\/v2\/tags?post=16744"}],"curies":[{"name":"wp","href":"https:\/\/api.w.org\/{rel}","templated":true}]}}