{"id":16742,"date":"2020-12-08T11:25:24","date_gmt":"2020-12-08T14:25:24","guid":{"rendered":"https:\/\/blogs.correiobraziliense.com.br\/vicente\/?p=16742"},"modified":"2020-12-08T12:48:53","modified_gmt":"2020-12-08T15:48:53","slug":"bc-nao-vai-subir-juros-agora-mas-deve-engrossar-tom-contra-inflacao","status":"publish","type":"post","link":"https:\/\/blogs.correiobraziliense.com.br\/vicente\/bc-nao-vai-subir-juros-agora-mas-deve-engrossar-tom-contra-inflacao\/","title":{"rendered":"BC n\u00e3o vai subir juros agora, mas deve engrossar tom contra infla\u00e7\u00e3o"},"content":{"rendered":"<h2>O Banco Central d\u00e1 in\u00edcio, nesta ter\u00e7a-feira (08\/12), \u00e0 ultima reuni\u00e3o do Comit\u00ea de Pol\u00edtica Monet\u00e1ria (Copom) certo de que manter\u00e1 a taxa b\u00e1sica de juros (Selic) em 2% ao ano, o menor n\u00edvel da hist\u00f3ria. Mas deve engrossar o tom contra a infla\u00e7\u00e3o.<\/h2>\n<p>&nbsp;<\/p>\n<p>O BC ainda acredita que a infla\u00e7\u00e3o, que vem em disparada e registrou alta de 0,89% em novembro, o pior resultado para o m\u00eas desde 2015, vai ceder nos pr\u00f3ximos meses, mas reconhece que a press\u00e3o por reajustes est\u00e1 durando mais do que o estimado inicialmente.<\/p>\n<p>&nbsp;<\/p>\n<p>N\u00e3o por acaso, a perspectiva, dentro da institui\u00e7\u00e3o, \u00e9 de que o Copom comece a mudar o tom de seu discurso, saindo de uma excessiva despreocupa\u00e7\u00e3o com a alta do custo do vida para uma posi\u00e7\u00e3o menos confort\u00e1vel. Nada mais natural para uma autoridade monet\u00e1ria respons\u00e1vel.<\/p>\n<p>&nbsp;<\/p>\n<p>O Copom, tamb\u00e9m, deve refor\u00e7ar o discurso em rela\u00e7\u00e3o ao ajuste fiscal, diante das dificuldades do governo em retomar o caminho da austeridade. \u00c9 grande a expectativa quanto ao posicionamento do BC depois do estresse envolvendo o presidente da institui\u00e7\u00e3o, Roberto Campos Neto, e o ministro da Economia, Paulo Guedes.<\/p>\n<p>&nbsp;<\/p>\n<p>Em uma live, Campos Neto disse que o pa\u00eds tinha que decidir que caminho seguir\u00e1 em rela\u00e7\u00e3o \u00e0s contas p\u00fablicas, que devem registrar rombo superior a R$ 800 bilh\u00f5es. Na vis\u00e3o dele, o governo precisava de um plano. Ao ser informado da declara\u00e7\u00e3o do presidente do BC, Guedes disse a jornalistas que perguntassem ao presidente do BC qual era o plano dele.<\/p>\n<p>&nbsp;<\/p>\n<p>Aparentemente, as arestas entre Campos Neto e o ministro foram aparadas. Mas, at\u00e9 agora, n\u00e3o se sabe, exatamente, o que o governo pretende fazer para fazer um ajuste fiscal de verdade. Falta clareza nas a\u00e7\u00f5es de Guedes e uma a\u00e7\u00e3o mais contundente do Pal\u00e1cio do Planalto para aprovar medidas de interesse do governo no Congresso.<\/p>\n<p>&nbsp;<\/p>\n<p><em>Bras\u00edlia, 11h25min<\/em><\/p>\n","protected":false},"excerpt":{"rendered":"<p>O Banco Central d\u00e1 in\u00edcio, nesta ter\u00e7a-feira (08\/12), \u00e0 ultima reuni\u00e3o do Comit\u00ea de Pol\u00edtica Monet\u00e1ria (Copom) certo de que manter\u00e1 a taxa b\u00e1sica de juros (Selic) em 2% ao ano, o menor n\u00edvel da hist\u00f3ria. Mas deve engrossar o tom contra a infla\u00e7\u00e3o. &nbsp; O BC ainda acredita que a infla\u00e7\u00e3o, que vem em [&hellip;]<\/p>\n","protected":false},"author":22,"featured_media":11505,"comment_status":"open","ping_status":"closed","sticky":false,"template":"","format":"standard","meta":{"footnotes":""},"categories":[600],"tags":[5079,589,5080,2526,2787],"class_list":["post-16742","post","type-post","status-publish","format-standard","has-post-thumbnail","hentry","category-economia","tag-bc-nao-vai-subir-juros-agora","tag-economia","tag-mas-deve-engrossar-tom-contra-inflacao","tag-poder","tag-politica"],"_links":{"self":[{"href":"https:\/\/blogs.correiobraziliense.com.br\/vicente\/wp-json\/wp\/v2\/posts\/16742","targetHints":{"allow":["GET"]}}],"collection":[{"href":"https:\/\/blogs.correiobraziliense.com.br\/vicente\/wp-json\/wp\/v2\/posts"}],"about":[{"href":"https:\/\/blogs.correiobraziliense.com.br\/vicente\/wp-json\/wp\/v2\/types\/post"}],"author":[{"embeddable":true,"href":"https:\/\/blogs.correiobraziliense.com.br\/vicente\/wp-json\/wp\/v2\/users\/22"}],"replies":[{"embeddable":true,"href":"https:\/\/blogs.correiobraziliense.com.br\/vicente\/wp-json\/wp\/v2\/comments?post=16742"}],"version-history":[{"count":1,"href":"https:\/\/blogs.correiobraziliense.com.br\/vicente\/wp-json\/wp\/v2\/posts\/16742\/revisions"}],"predecessor-version":[{"id":16743,"href":"https:\/\/blogs.correiobraziliense.com.br\/vicente\/wp-json\/wp\/v2\/posts\/16742\/revisions\/16743"}],"wp:featuredmedia":[{"embeddable":true,"href":"https:\/\/blogs.correiobraziliense.com.br\/vicente\/wp-json\/wp\/v2\/media\/11505"}],"wp:attachment":[{"href":"https:\/\/blogs.correiobraziliense.com.br\/vicente\/wp-json\/wp\/v2\/media?parent=16742"}],"wp:term":[{"taxonomy":"category","embeddable":true,"href":"https:\/\/blogs.correiobraziliense.com.br\/vicente\/wp-json\/wp\/v2\/categories?post=16742"},{"taxonomy":"post_tag","embeddable":true,"href":"https:\/\/blogs.correiobraziliense.com.br\/vicente\/wp-json\/wp\/v2\/tags?post=16742"}],"curies":[{"name":"wp","href":"https:\/\/api.w.org\/{rel}","templated":true}]}}