{"id":16740,"date":"2020-12-08T10:09:07","date_gmt":"2020-12-08T13:09:07","guid":{"rendered":"https:\/\/blogs.correiobraziliense.com.br\/vicente\/?p=16740"},"modified":"2020-12-08T12:22:29","modified_gmt":"2020-12-08T15:22:29","slug":"brasilia-registra-a-menor-inflacao-do-pais-em-novembro","status":"publish","type":"post","link":"https:\/\/blogs.correiobraziliense.com.br\/vicente\/brasilia-registra-a-menor-inflacao-do-pais-em-novembro\/","title":{"rendered":"Bras\u00edlia registra a menor infla\u00e7\u00e3o do pa\u00eds em novembro"},"content":{"rendered":"<h2>Dados do Instituto Brasileiro de Geografia e Estat\u00edstica (IBGE) mostram que Bras\u00edlia registrou a menor taxa de infla\u00e7\u00e3o do pa\u00eds em novembro. O \u00cdndice de Pre\u00e7os ao Consumidor Amplo (IPCA) subiu apenas 0,35%, menos da metade do \u00edndice nacional, que foi de 0,89%.<\/h2>\n<p>&nbsp;<\/p>\n<p>Segundo o IBGE, a infla\u00e7\u00e3o de Bras\u00edlia foi influenciada, principalmente,\u00a0pela queda nos pre\u00e7os da gasolina, de 0,68%, e do aluguel residencial, de 0,63%. A perspectiva, por\u00e9m, \u00e9 de que esse comportamento seja diferente em dezembro, diante dos recentes reajustes da gasolina.<\/p>\n<p>&nbsp;<\/p>\n<p>Na ponta contr\u00e1ria, informa o IBGE, Goi\u00e2nia teve a maior infla\u00e7\u00e3o do pa\u00eds. O indicador na capital apresentou alta de 1,41%, devido aos reajustes das carnes, que ficaram 9,11% mais caras, e da energia el\u00e9trica, cujas contas saltaram 3,69%.<\/p>\n<p>&nbsp;<\/p>\n<p>Apesar de a capital do pa\u00eds apresentar \u00edndices mais moderados de infla\u00e7\u00e3o \u2014 2,26% no acumulado do ano e 3,92%, em 12 meses \u2014 as reclama\u00e7\u00f5es dos consumidores s\u00e3o gerais. &#8220;Basta uma ida ao supermercado para constatar que tudo est\u00e1 muito caro&#8221;, diz a diarista Selma de Jesus, 44 anos.<\/p>\n<p>&nbsp;<\/p>\n<p><em>Bras\u00edlia, 10h09min<\/em><\/p>\n","protected":false},"excerpt":{"rendered":"<p>Dados do Instituto Brasileiro de Geografia e Estat\u00edstica (IBGE) mostram que Bras\u00edlia registrou a menor taxa de infla\u00e7\u00e3o do pa\u00eds em novembro. O \u00cdndice de Pre\u00e7os ao Consumidor Amplo (IPCA) subiu apenas 0,35%, menos da metade do \u00edndice nacional, que foi de 0,89%. &nbsp; Segundo o IBGE, a infla\u00e7\u00e3o de Bras\u00edlia foi influenciada, principalmente,\u00a0pela queda [&hellip;]<\/p>\n","protected":false},"author":22,"featured_media":9718,"comment_status":"open","ping_status":"closed","sticky":false,"template":"","format":"standard","meta":{"footnotes":""},"categories":[600],"tags":[5078,2341,589,2526,2787],"class_list":["post-16740","post","type-post","status-publish","format-standard","has-post-thumbnail","hentry","category-economia","tag-brasilia-registra-a-menor-inflacao-do-pais-em-novembro","tag-consumo","tag-economia","tag-poder","tag-politica"],"_links":{"self":[{"href":"https:\/\/blogs.correiobraziliense.com.br\/vicente\/wp-json\/wp\/v2\/posts\/16740","targetHints":{"allow":["GET"]}}],"collection":[{"href":"https:\/\/blogs.correiobraziliense.com.br\/vicente\/wp-json\/wp\/v2\/posts"}],"about":[{"href":"https:\/\/blogs.correiobraziliense.com.br\/vicente\/wp-json\/wp\/v2\/types\/post"}],"author":[{"embeddable":true,"href":"https:\/\/blogs.correiobraziliense.com.br\/vicente\/wp-json\/wp\/v2\/users\/22"}],"replies":[{"embeddable":true,"href":"https:\/\/blogs.correiobraziliense.com.br\/vicente\/wp-json\/wp\/v2\/comments?post=16740"}],"version-history":[{"count":1,"href":"https:\/\/blogs.correiobraziliense.com.br\/vicente\/wp-json\/wp\/v2\/posts\/16740\/revisions"}],"predecessor-version":[{"id":16741,"href":"https:\/\/blogs.correiobraziliense.com.br\/vicente\/wp-json\/wp\/v2\/posts\/16740\/revisions\/16741"}],"wp:featuredmedia":[{"embeddable":true,"href":"https:\/\/blogs.correiobraziliense.com.br\/vicente\/wp-json\/wp\/v2\/media\/9718"}],"wp:attachment":[{"href":"https:\/\/blogs.correiobraziliense.com.br\/vicente\/wp-json\/wp\/v2\/media?parent=16740"}],"wp:term":[{"taxonomy":"category","embeddable":true,"href":"https:\/\/blogs.correiobraziliense.com.br\/vicente\/wp-json\/wp\/v2\/categories?post=16740"},{"taxonomy":"post_tag","embeddable":true,"href":"https:\/\/blogs.correiobraziliense.com.br\/vicente\/wp-json\/wp\/v2\/tags?post=16740"}],"curies":[{"name":"wp","href":"https:\/\/api.w.org\/{rel}","templated":true}]}}