{"id":16738,"date":"2020-12-08T10:01:24","date_gmt":"2020-12-08T13:01:24","guid":{"rendered":"https:\/\/blogs.correiobraziliense.com.br\/vicente\/?p=16738"},"modified":"2020-12-08T12:06:04","modified_gmt":"2020-12-08T15:06:04","slug":"o-dragao-da-inflacao-assombra-jair-bolsonaro","status":"publish","type":"post","link":"https:\/\/blogs.correiobraziliense.com.br\/vicente\/o-dragao-da-inflacao-assombra-jair-bolsonaro\/","title":{"rendered":"O drag\u00e3o da infla\u00e7\u00e3o assombra Jair Bolsonaro"},"content":{"rendered":"<h2>O governo reagiu com cautela aos n\u00fameros da infla\u00e7\u00e3o, mas, no entorno do presidente Jair Bolsonaro, o sentimento \u00e9 de muita preocupa\u00e7\u00e3o. Pesquisas internas feitas pelo Pal\u00e1cio do Planalto mostram um enorme descontentamento da popula\u00e7\u00e3o com a disparada dos pre\u00e7os.<\/h2>\n<p>&nbsp;<\/p>\n<p>As queixas dos pesquisados \u00e9 de que muitos est\u00e3o sendo obrigados a tirar itens essenciais do carrinho de supermercado. A quantidade de arroz comprada no m\u00eas caiu pela metade. Tamb\u00e9m foi reduzida a quantidade de feij\u00e3o, carne e \u00f3leo de soja.<\/p>\n<p>&nbsp;<\/p>\n<p>&#8220;As reclama\u00e7\u00f5es s\u00e3o gerais. H\u00e1 um desconforto crescente em rela\u00e7\u00e3o ao governo&#8221;, admite um integrante do Planalto. &#8220;As pessoas est\u00e3o se sentindo desprotegidas, sobretudo as mais pobres, que, agora, ficar\u00e3o sem o aux\u00edlio emergencial&#8221;, acrescenta.<\/p>\n<p>&nbsp;<\/p>\n<p>A expectativa do Planalto \u00e9 de que se cumpram as promessas do ministro da Economia, Paulo Guedes, e do presidente do Banco Central, Roberto Campos Neto, que t\u00eam assegurado que a disparada da infla\u00e7\u00e3o \u00e9 tempor\u00e1ria.<\/p>\n<p>&nbsp;<\/p>\n<p>&#8220;O problema \u00e9 que esse tempor\u00e1rio est\u00e1 durando demais&#8221;, diz outro integrante do Planalto. &#8220;De in\u00edcio, a explica\u00e7\u00e3o foi a de que era uma infla\u00e7\u00e3o dos alimentos, que passaria logo. Contudo, estamos vendo um reajuste disseminado de pre\u00e7os&#8221;, enfatiza.<\/p>\n<p>&nbsp;<\/p>\n<p>Segundo o Instituto Brasileiro de Geografia e Estat\u00edstica (IBGE), o \u00cdndice de Pre\u00e7os ao Consumidor Amplo (IPCA) atingiu, em novembro, 0,89%, o pior resultado para o m\u00eas desde 2015. A carestia foi puxada, sobretudo, por alimentos e transportes.<\/p>\n<p>&nbsp;<\/p>\n<p>No acumulado de 12 meses, o IPCA cravou alta de 4,31%, superando o centro da meta perseguida pelo Banco Central, de 4%. No acumulado do ano, o indicador est\u00e1 em 3,13%. Pelas proje\u00e7\u00f5es de especialistas, a infla\u00e7\u00e3o de novembro ficaria em 0,78%.<\/p>\n<p>&nbsp;<\/p>\n<p><em>Bras\u00edlia, 10h01min<\/em><\/p>\n","protected":false},"excerpt":{"rendered":"<p>O governo reagiu com cautela aos n\u00fameros da infla\u00e7\u00e3o, mas, no entorno do presidente Jair Bolsonaro, o sentimento \u00e9 de muita preocupa\u00e7\u00e3o. Pesquisas internas feitas pelo Pal\u00e1cio do Planalto mostram um enorme descontentamento da popula\u00e7\u00e3o com a disparada dos pre\u00e7os. &nbsp; As queixas dos pesquisados \u00e9 de que muitos est\u00e3o sendo obrigados a tirar itens [&hellip;]<\/p>\n","protected":false},"author":22,"featured_media":16234,"comment_status":"open","ping_status":"closed","sticky":false,"template":"","format":"standard","meta":{"footnotes":""},"categories":[600],"tags":[589,5077,2526,2787],"class_list":["post-16738","post","type-post","status-publish","format-standard","has-post-thumbnail","hentry","category-economia","tag-economia","tag-o-dragao-da-inflacao-assombra-jair-bolsonaro","tag-poder","tag-politica"],"_links":{"self":[{"href":"https:\/\/blogs.correiobraziliense.com.br\/vicente\/wp-json\/wp\/v2\/posts\/16738","targetHints":{"allow":["GET"]}}],"collection":[{"href":"https:\/\/blogs.correiobraziliense.com.br\/vicente\/wp-json\/wp\/v2\/posts"}],"about":[{"href":"https:\/\/blogs.correiobraziliense.com.br\/vicente\/wp-json\/wp\/v2\/types\/post"}],"author":[{"embeddable":true,"href":"https:\/\/blogs.correiobraziliense.com.br\/vicente\/wp-json\/wp\/v2\/users\/22"}],"replies":[{"embeddable":true,"href":"https:\/\/blogs.correiobraziliense.com.br\/vicente\/wp-json\/wp\/v2\/comments?post=16738"}],"version-history":[{"count":1,"href":"https:\/\/blogs.correiobraziliense.com.br\/vicente\/wp-json\/wp\/v2\/posts\/16738\/revisions"}],"predecessor-version":[{"id":16739,"href":"https:\/\/blogs.correiobraziliense.com.br\/vicente\/wp-json\/wp\/v2\/posts\/16738\/revisions\/16739"}],"wp:featuredmedia":[{"embeddable":true,"href":"https:\/\/blogs.correiobraziliense.com.br\/vicente\/wp-json\/wp\/v2\/media\/16234"}],"wp:attachment":[{"href":"https:\/\/blogs.correiobraziliense.com.br\/vicente\/wp-json\/wp\/v2\/media?parent=16738"}],"wp:term":[{"taxonomy":"category","embeddable":true,"href":"https:\/\/blogs.correiobraziliense.com.br\/vicente\/wp-json\/wp\/v2\/categories?post=16738"},{"taxonomy":"post_tag","embeddable":true,"href":"https:\/\/blogs.correiobraziliense.com.br\/vicente\/wp-json\/wp\/v2\/tags?post=16738"}],"curies":[{"name":"wp","href":"https:\/\/api.w.org\/{rel}","templated":true}]}}