{"id":16731,"date":"2020-12-04T15:44:43","date_gmt":"2020-12-04T18:44:43","guid":{"rendered":"https:\/\/blogs.correiobraziliense.com.br\/vicente\/?p=16731"},"modified":"2020-12-04T20:09:45","modified_gmt":"2020-12-04T23:09:45","slug":"rps-capital-governo-precisa-cortar-r-26-bi-para-cumprir-o-teto-em-2021","status":"publish","type":"post","link":"https:\/\/blogs.correiobraziliense.com.br\/vicente\/rps-capital-governo-precisa-cortar-r-26-bi-para-cumprir-o-teto-em-2021\/","title":{"rendered":"RPS Capital: Governo precisa cortar R$ 26 bi para cumprir o teto em 2021"},"content":{"rendered":"<p><span style=\"font-weight: 400\">ROSANA HESSEL<\/span><\/p>\n<p>&nbsp;<\/p>\n<p><span style=\"font-weight: 400\">Enquanto operadores do mercado de a\u00e7\u00f5es aproveitam o bom momento do cen\u00e1rio externo, com os avan\u00e7os da vacina contra a covid-19 e com a expectativa de um novo pacote fiscal dos Estados Unidos, os riscos fiscais n\u00e3o desapareceram, apesar de estarem sendo ignorados por aqueles que n\u00e3o botam na conta o fato de Or\u00e7amento de 2021 n\u00e3o ter sido aprovado pelo Congresso ainda e ter muito mais problemas do que eles imaginam e pode comprometer a expectativa de retomada mais forte da economia no ano que vem.<\/span><\/p>\n<p><span style=\"font-weight: 400\">\u00a0<\/span><\/p>\n<p><span style=\"font-weight: 400\">Pelos c\u00e1lculos do economista-chefe da RPS Capital, Gabriel Leal de Barros, o governo precisar\u00e1 cortar R$ 26 bilh\u00f5es de gastos obrigat\u00f3rios em 2021 para cumprir o teto de gastos, mesmo sem a prorroga\u00e7\u00e3o do aux\u00edlio emergencial. \u201cO governo tem que cortar R$ 26 bilh\u00f5es, em 2021, e R$ 9 bilh\u00f5es, em 2022, mesmo sem programa social novo\u201d, afirmou, em entrevista ao <strong>Blog<\/strong>.<\/span><\/p>\n<p>&nbsp;<\/p>\n<p><span style=\"font-weight: 400\">Segundo Barros, parte importante do corte de gastos requerido para cumprir o teto em 2021, decorre do avan\u00e7o de gastos obrigat\u00f3rios devido ao descasamento das taxas de infla\u00e7\u00e3o utilizadas para corrigir a regra fiscal (de 2,13%) e mais da metade do gasto obrigat\u00f3rio sujeito ao teto estar apresentando corre\u00e7\u00e3o acima de 5%. Al\u00e9m disso, a expans\u00e3o de gastos com militares, em mais R$ 7 bilh\u00f5es, e dos elevados gastos com precat\u00f3rios e senten\u00e7as judiciais, de aproximadamente R$ 50 bilh\u00f5es, tamb\u00e9m contribuem para o aumento da press\u00e3o sobre a \u00e2ncora fiscal.\u00a0<\/span><\/p>\n<p>&nbsp;<\/p>\n<p><span style=\"font-weight: 400\">O dado faz parte do relat\u00f3rio \u201cO Desafio de Consolida\u00e7\u00e3o Fiscal da Pol\u00edtica Fiscal no Brasil\u201d, elaborado por Barros para os clientes da RPS Capital. Ele apontou os problemas fiscais como uma das travas para o crescimento da economia no ano que vem e comparou o desequil\u00edbrio fiscal &#8220;como o principal desafio do pa\u00eds assim como a hiperinfla\u00e7\u00e3o esteve entre as d\u00e9cadas de 1980 e 1990\u201d.<\/span><\/p>\n<p>&nbsp;<\/p>\n<p><span style=\"font-weight: 400\">O teto de gastos, na avalia\u00e7\u00e3o do especialista em contas p\u00fablicas, foi importante, para que o governo conseguisse reagir de maneira contundente e muito acima da m\u00e9dia dos demais pa\u00edses emergentes \u00e0 pandemia e nova crise de covid-19. \u201cGastamos mais de 8% do PIB (Produto Interno Bruto) para combater esta crise, muit\u00edssimo acima da m\u00e9dia de quase 3,5% dos pa\u00edses emergentes e de renda m\u00e9dia\u201d, comparou.<\/span><\/p>\n<p>&nbsp;<\/p>\n<p><span style=\"font-weight: 400\">Na avalia\u00e7\u00e3o de Barros, a perspectiva de, no princ\u00edpio de 2021, ter uma vacina, d\u00e1 confian\u00e7a para a retomada da agenda de reformas econ\u00f4micas iniciadas h\u00e1 cinco anos. \u201cN\u00e3o \u00e9 hora de experimentalismos na \u00e1rea econ\u00f4mica e de solu\u00e7\u00f5es criativas, muitas vezes mais f\u00e1ceis e tentadoras, sob o risco de motivarmos uma nova d\u00e9cada perdida\u201d, alertou. Segundo ele, a indefini\u00e7\u00e3o e\u00a0 \u201ccerta hesita\u00e7\u00e3o que parece advir da economia pol\u00edtica para retomar a agenda econ\u00f4mica\u201d vem produzindo deteriora\u00e7\u00f5es importantes, \u201ctanto por meio da inclina\u00e7\u00e3o da curva de juros, dificuldade de rolagem de t\u00edtulos p\u00fablicos pelo Tesouro Nacional quanto pela piora do perfil da d\u00edvida p\u00fablica\u201d.<\/span><\/p>\n<p>&nbsp;<\/p>\n","protected":false},"excerpt":{"rendered":"<p>ROSANA HESSEL &nbsp; Enquanto operadores do mercado de a\u00e7\u00f5es aproveitam o bom momento do cen\u00e1rio externo, com os avan\u00e7os da vacina contra a covid-19 e com a expectativa de um novo pacote fiscal dos Estados Unidos, os riscos fiscais n\u00e3o desapareceram, apesar de estarem sendo ignorados por aqueles que n\u00e3o botam na conta o fato [&hellip;]<\/p>\n","protected":false},"author":22,"featured_media":16465,"comment_status":"open","ping_status":"closed","sticky":false,"template":"","format":"standard","meta":{"footnotes":""},"categories":[600],"tags":[589,2433,549,112,2853,5076,307],"class_list":["post-16731","post","type-post","status-publish","format-standard","has-post-thumbnail","hentry","category-economia","tag-economia","tag-fiscal","tag-orcamento","tag-retomada","tag-riscos","tag-rps-capital","tag-teto-de-gastos"],"_links":{"self":[{"href":"https:\/\/blogs.correiobraziliense.com.br\/vicente\/wp-json\/wp\/v2\/posts\/16731","targetHints":{"allow":["GET"]}}],"collection":[{"href":"https:\/\/blogs.correiobraziliense.com.br\/vicente\/wp-json\/wp\/v2\/posts"}],"about":[{"href":"https:\/\/blogs.correiobraziliense.com.br\/vicente\/wp-json\/wp\/v2\/types\/post"}],"author":[{"embeddable":true,"href":"https:\/\/blogs.correiobraziliense.com.br\/vicente\/wp-json\/wp\/v2\/users\/22"}],"replies":[{"embeddable":true,"href":"https:\/\/blogs.correiobraziliense.com.br\/vicente\/wp-json\/wp\/v2\/comments?post=16731"}],"version-history":[{"count":6,"href":"https:\/\/blogs.correiobraziliense.com.br\/vicente\/wp-json\/wp\/v2\/posts\/16731\/revisions"}],"predecessor-version":[{"id":16737,"href":"https:\/\/blogs.correiobraziliense.com.br\/vicente\/wp-json\/wp\/v2\/posts\/16731\/revisions\/16737"}],"wp:featuredmedia":[{"embeddable":true,"href":"https:\/\/blogs.correiobraziliense.com.br\/vicente\/wp-json\/wp\/v2\/media\/16465"}],"wp:attachment":[{"href":"https:\/\/blogs.correiobraziliense.com.br\/vicente\/wp-json\/wp\/v2\/media?parent=16731"}],"wp:term":[{"taxonomy":"category","embeddable":true,"href":"https:\/\/blogs.correiobraziliense.com.br\/vicente\/wp-json\/wp\/v2\/categories?post=16731"},{"taxonomy":"post_tag","embeddable":true,"href":"https:\/\/blogs.correiobraziliense.com.br\/vicente\/wp-json\/wp\/v2\/tags?post=16731"}],"curies":[{"name":"wp","href":"https:\/\/api.w.org\/{rel}","templated":true}]}}